{"@context":"https:\/\/schema.org\/","@type":"CollectionPage","@id":"https:\/\/www.acorde.cz\/zivotni-styl\/#CollectionPage","headline":"\u017divotn\u00ed styl Category","description":"","url":"https:\/\/www.acorde.cz\/zivotni-styl\/","hasPart":[{"@type":"Article","@id":"https:\/\/www.acorde.cz\/letani-jako-zivotni-styl\/","headline":"L\u00e9t\u00e1n\u00ed jako \u017eivotn\u00ed styl","url":"https:\/\/www.acorde.cz\/letani-jako-zivotni-styl\/","datePublished":"2023-05-06","dateModified":"2023-05-06","mainEntityOfPage":"https:\/\/www.acorde.cz\/letani-jako-zivotni-styl\/","author":{"@type":"Person","@id":"https:\/\/www.acorde.cz\/author\/#Person","name":"","url":"https:\/\/www.acorde.cz\/author\/","identifier":1,"image":{"@type":"ImageObject","@id":"https:\/\/secure.gravatar.com\/avatar\/3c4e99fa9a9806cd5e8fd7cac6ca73ff5bbf5f3ee309e1745415eebd31482909?s=96&d=mm&r=g","url":"https:\/\/secure.gravatar.com\/avatar\/3c4e99fa9a9806cd5e8fd7cac6ca73ff5bbf5f3ee309e1745415eebd31482909?s=96&d=mm&r=g","height":96,"width":96}},"publisher":{"@type":"Organization","name":"acorde.cz","logo":{"@type":"ImageObject","@id":"\/logo.png","url":"\/logo.png","width":600,"height":60}},"image":{"@type":"ImageObject","@id":"https:\/\/www.acorde.cz\/wp-content\/uploads\/img_a339120_w2688_t1552315987.jpg","url":"https:\/\/www.acorde.cz\/wp-content\/uploads\/img_a339120_w2688_t1552315987.jpg","height":0,"width":0},"keywords":null},{"@type":"Article","@id":"https:\/\/www.acorde.cz\/vysaunujete-se-do-zdravi\/","headline":"Vysaunujete se do zdrav\u00ed","url":"https:\/\/www.acorde.cz\/vysaunujete-se-do-zdravi\/","datePublished":"2023-05-06","dateModified":"2023-05-06","mainEntityOfPage":"https:\/\/www.acorde.cz\/vysaunujete-se-do-zdravi\/","author":{"@type":"Person","@id":"https:\/\/www.acorde.cz\/author\/#Person","name":"","url":"https:\/\/www.acorde.cz\/author\/","identifier":1,"image":{"@type":"ImageObject","@id":"https:\/\/secure.gravatar.com\/avatar\/3c4e99fa9a9806cd5e8fd7cac6ca73ff5bbf5f3ee309e1745415eebd31482909?s=96&d=mm&r=g","url":"https:\/\/secure.gravatar.com\/avatar\/3c4e99fa9a9806cd5e8fd7cac6ca73ff5bbf5f3ee309e1745415eebd31482909?s=96&d=mm&r=g","height":96,"width":96}},"publisher":{"@type":"Organization","name":"acorde.cz","logo":{"@type":"ImageObject","@id":"\/logo.png","url":"\/logo.png","width":600,"height":60}},"image":{"@type":"ImageObject","@id":"https:\/\/www.acorde.cz\/wp-content\/uploads\/img_a329145_w2688_t1541451032.jpg","url":"https:\/\/www.acorde.cz\/wp-content\/uploads\/img_a329145_w2688_t1541451032.jpg","height":0,"width":0},"keywords":null},{"@type":"Article","@id":"https:\/\/www.acorde.cz\/vanocni-trendy-2023\/","headline":"V\u00e1no\u010dn\u00ed trendy 2023","url":"https:\/\/www.acorde.cz\/vanocni-trendy-2023\/","datePublished":"2022-12-14","dateModified":"2022-12-14","mainEntityOfPage":"https:\/\/www.acorde.cz\/vanocni-trendy-2023\/","author":{"@type":"Person","@id":"https:\/\/www.acorde.cz\/author\/#Person","name":"","url":"https:\/\/www.acorde.cz\/author\/","identifier":1,"image":{"@type":"ImageObject","@id":"https:\/\/secure.gravatar.com\/avatar\/3c4e99fa9a9806cd5e8fd7cac6ca73ff5bbf5f3ee309e1745415eebd31482909?s=96&d=mm&r=g","url":"https:\/\/secure.gravatar.com\/avatar\/3c4e99fa9a9806cd5e8fd7cac6ca73ff5bbf5f3ee309e1745415eebd31482909?s=96&d=mm&r=g","height":96,"width":96}},"publisher":{"@type":"Organization","name":"acorde.cz","logo":{"@type":"ImageObject","@id":"\/logo.png","url":"\/logo.png","width":600,"height":60}},"image":{"@type":"ImageObject","@id":"https:\/\/www.acorde.cz\/wp-content\/uploads\/masni-1406519_640_1.jpg","url":"https:\/\/www.acorde.cz\/wp-content\/uploads\/masni-1406519_640_1.jpg","height":0,"width":0},"keywords":null},{"@type":"Article","@id":"https:\/\/www.acorde.cz\/jak-si-uzit-vanoce-i-kdyz-jste-single\/","headline":"Jak si u\u017e\u00edt V\u00e1noce i kdy\u017e jste single","url":"https:\/\/www.acorde.cz\/jak-si-uzit-vanoce-i-kdyz-jste-single\/","datePublished":"2022-05-07","dateModified":"2022-05-07","mainEntityOfPage":"https:\/\/www.acorde.cz\/jak-si-uzit-vanoce-i-kdyz-jste-single\/","author":{"@type":"Person","@id":"https:\/\/www.acorde.cz\/author\/#Person","name":"","url":"https:\/\/www.acorde.cz\/author\/","identifier":1,"image":{"@type":"ImageObject","@id":"https:\/\/secure.gravatar.com\/avatar\/3c4e99fa9a9806cd5e8fd7cac6ca73ff5bbf5f3ee309e1745415eebd31482909?s=96&d=mm&r=g","url":"https:\/\/secure.gravatar.com\/avatar\/3c4e99fa9a9806cd5e8fd7cac6ca73ff5bbf5f3ee309e1745415eebd31482909?s=96&d=mm&r=g","height":96,"width":96}},"publisher":{"@type":"Organization","name":"acorde.cz","logo":{"@type":"ImageObject","@id":"\/logo.png","url":"\/logo.png","width":600,"height":60}},"image":{"@type":"ImageObject","@id":"https:\/\/www.acorde.cz\/wp-content\/uploads\/portrait-3190849_960_720_3.jpg","url":"https:\/\/www.acorde.cz\/wp-content\/uploads\/portrait-3190849_960_720_3.jpg","height":0,"width":0},"keywords":null},{"@type":"Article","@id":"https:\/\/www.acorde.cz\/domovy-pro-osoby-se-zdravotnim-postizenim\/","headline":"Domovy pro osoby se zdravotn\u00edm posti\u017een\u00edm","url":"https:\/\/www.acorde.cz\/domovy-pro-osoby-se-zdravotnim-postizenim\/","datePublished":"2019-03-07","dateModified":"2023-05-06","mainEntityOfPage":"https:\/\/www.acorde.cz\/domovy-pro-osoby-se-zdravotnim-postizenim\/","author":{"@type":"Person","@id":"https:\/\/www.acorde.cz\/author\/#Person","name":"","url":"https:\/\/www.acorde.cz\/author\/","identifier":1,"image":{"@type":"ImageObject","@id":"https:\/\/secure.gravatar.com\/avatar\/3c4e99fa9a9806cd5e8fd7cac6ca73ff5bbf5f3ee309e1745415eebd31482909?s=96&d=mm&r=g","url":"https:\/\/secure.gravatar.com\/avatar\/3c4e99fa9a9806cd5e8fd7cac6ca73ff5bbf5f3ee309e1745415eebd31482909?s=96&d=mm&r=g","height":96,"width":96}},"publisher":{"@type":"Organization","name":"acorde.cz","logo":{"@type":"ImageObject","@id":"\/logo.png","url":"\/logo.png","width":600,"height":60}},"image":{"@type":"ImageObject","@id":"https:\/\/www.acorde.cz\/wp-content\/uploads\/img_a340085_w2688_t1553164516.jpg","url":"https:\/\/www.acorde.cz\/wp-content\/uploads\/img_a340085_w2688_t1553164516.jpg","height":0,"width":0},"keywords":null},{"@type":"Article","@id":"https:\/\/www.acorde.cz\/do-plavek-pomalu-ale-jiste\/","headline":"Do plavek pomalu, ale jist\u011b","url":"https:\/\/www.acorde.cz\/do-plavek-pomalu-ale-jiste\/","datePublished":"2019-02-11","dateModified":"2023-05-06","mainEntityOfPage":"https:\/\/www.acorde.cz\/do-plavek-pomalu-ale-jiste\/","author":{"@type":"Person","@id":"https:\/\/www.acorde.cz\/author\/#Person","name":"","url":"https:\/\/www.acorde.cz\/author\/","identifier":1,"image":{"@type":"ImageObject","@id":"https:\/\/secure.gravatar.com\/avatar\/3c4e99fa9a9806cd5e8fd7cac6ca73ff5bbf5f3ee309e1745415eebd31482909?s=96&d=mm&r=g","url":"https:\/\/secure.gravatar.com\/avatar\/3c4e99fa9a9806cd5e8fd7cac6ca73ff5bbf5f3ee309e1745415eebd31482909?s=96&d=mm&r=g","height":96,"width":96}},"publisher":{"@type":"Organization","name":"acorde.cz","logo":{"@type":"ImageObject","@id":"\/logo.png","url":"\/logo.png","width":600,"height":60}},"image":{"@type":"ImageObject","@id":"https:\/\/www.acorde.cz\/wp-content\/uploads\/img_a337503_w2688_t1550594705.jpg","url":"https:\/\/www.acorde.cz\/wp-content\/uploads\/img_a337503_w2688_t1550594705.jpg","height":0,"width":0},"keywords":null},{"@type":"Article","@id":"https:\/\/www.acorde.cz\/3-tipy-jak-neodradit-na-prvnim-rande\/","headline":"3 tipy, jak neodradit na prvn\u00edm rande","url":"https:\/\/www.acorde.cz\/3-tipy-jak-neodradit-na-prvnim-rande\/","datePublished":"2018-08-09","dateModified":"2023-05-06","mainEntityOfPage":"https:\/\/www.acorde.cz\/3-tipy-jak-neodradit-na-prvnim-rande\/","author":{"@type":"Person","@id":"https:\/\/www.acorde.cz\/author\/#Person","name":"","url":"https:\/\/www.acorde.cz\/author\/","identifier":1,"image":{"@type":"ImageObject","@id":"https:\/\/secure.gravatar.com\/avatar\/3c4e99fa9a9806cd5e8fd7cac6ca73ff5bbf5f3ee309e1745415eebd31482909?s=96&d=mm&r=g","url":"https:\/\/secure.gravatar.com\/avatar\/3c4e99fa9a9806cd5e8fd7cac6ca73ff5bbf5f3ee309e1745415eebd31482909?s=96&d=mm&r=g","height":96,"width":96}},"publisher":{"@type":"Organization","name":"acorde.cz","logo":{"@type":"ImageObject","@id":"\/logo.png","url":"\/logo.png","width":600,"height":60}},"image":{"@type":"ImageObject","@id":"https:\/\/www.acorde.cz\/wp-content\/uploads\/img_a322807_w2688_t1534579189.jpg","url":"https:\/\/www.acorde.cz\/wp-content\/uploads\/img_a322807_w2688_t1534579189.jpg","height":0,"width":0},"keywords":null}]}