[{"@context":"https:\/\/schema.org\/","@type":"Article","@id":"https:\/\/www.acorde.cz\/zbozi-vam-muzeme-dodat-i-na-dobirku\/#Article","mainEntityOfPage":"https:\/\/www.acorde.cz\/zbozi-vam-muzeme-dodat-i-na-dobirku\/","headline":"Zbo\u017e\u00ed v\u00e1m m\u016f\u017eeme dodat i na dob\u00edrku","name":"Zbo\u017e\u00ed v\u00e1m m\u016f\u017eeme dodat i na dob\u00edrku","description":"Nem\u016f\u017eete sehnat kvalitn\u00ed reklamn\u00ed textil? Pak v\u00e1m mus\u00edme sd\u011blit, \u017ee jste dosud nebyli u n\u00e1s. M\u00e1me ho na sklad\u011b. K dispozici je ve v\u0161ech barv\u00e1ch a barevn\u00fdch kombinac\u00edch a tak\u00e9 ve v\u0161ech velikostech. Sta\u010d\u00ed p\u0159ij\u00edt a vybrat si. M\u00e1me kr\u00e1tk\u00e9 dodac\u00ed lh\u016fty, tak\u017ee nebudete dlouho \u010dekat a bude u v\u00e1s. Vyu\u017eijte t\u00e9to skv\u011bl\u00e9 \u0161ance a objedn\u00e1vejte si ho pr\u00e1v\u011b u [&hellip;]","datePublished":"2024-11-23","dateModified":"2024-11-23","author":{"@type":"Person","@id":"https:\/\/www.acorde.cz\/author\/#Person","name":"","url":"https:\/\/www.acorde.cz\/author\/","identifier":1,"image":{"@type":"ImageObject","@id":"https:\/\/secure.gravatar.com\/avatar\/3c4e99fa9a9806cd5e8fd7cac6ca73ff5bbf5f3ee309e1745415eebd31482909?s=96&d=mm&r=g","url":"https:\/\/secure.gravatar.com\/avatar\/3c4e99fa9a9806cd5e8fd7cac6ca73ff5bbf5f3ee309e1745415eebd31482909?s=96&d=mm&r=g","height":96,"width":96}},"publisher":{"@type":"Organization","name":"acorde.cz","logo":{"@type":"ImageObject","@id":"\/logo.png","url":"\/logo.png","width":600,"height":60}},"url":"https:\/\/www.acorde.cz\/zbozi-vam-muzeme-dodat-i-na-dobirku\/","wordCount":181,"articleBody":"Nem\u016f\u017eete sehnat kvalitn\u00ed reklamn\u00ed textil? Pak v\u00e1m mus\u00edme sd\u011blit, \u017ee jste dosud nebyli u n\u00e1s. M\u00e1me ho na sklad\u011b. K dispozici je ve v\u0161ech barv\u00e1ch a barevn\u00fdch kombinac\u00edch a tak\u00e9 ve v\u0161ech velikostech. Sta\u010d\u00ed p\u0159ij\u00edt a vybrat si. M\u00e1me kr\u00e1tk\u00e9 dodac\u00ed lh\u016fty, tak\u017ee nebudete dlouho \u010dekat a bude u v\u00e1s. Vyu\u017eijte t\u00e9to skv\u011bl\u00e9 \u0161ance a objedn\u00e1vejte si ho pr\u00e1v\u011b u n\u00e1s.\tNa\u0161e slu\u017eby v\u00e1s nezklamouV\u00e1\u017e\u00edme si v\u0161ech z\u00e1kazn\u00edk\u016f, kte\u0159\u00ed vyu\u017e\u00edvaj\u00ed na\u0161ich slu\u017eeb. Jsme p\u0159ipraveni jim vych\u00e1zet maxim\u00e1ln\u011b vst\u0159\u00edc. Star\u00e1me se, abychom na sklad\u011b m\u011bli v\u017edycky ve\u0161ker\u00e9 zbo\u017e\u00ed, kter\u00e9 na\u0161i klienti po\u017eaduj\u00ed. V\u017edy\u0165 na\u0161\u00edm z\u00e1jmem je, aby ka\u017ed\u00fd odch\u00e1zel od n\u00e1s spokojen\u00fd. Proto v na\u0161\u00ed nab\u00eddce nikdy nem\u016f\u017ee chyb\u011b ani \u0161pi\u010dkov\u00fd reklamn\u00ed textil. Na\u0161e oble\u010den\u00ed na v\u00e1s \u010dek\u00e1. Jsme tady pro v\u00e1s.                                                                                                                                                                                                                                                                                                                                                                                        4\/5 - (5 votes)        "},{"@context":"https:\/\/schema.org\/","@type":"BreadcrumbList","itemListElement":[{"@type":"ListItem","position":1,"name":"Zbo\u017e\u00ed v\u00e1m m\u016f\u017eeme dodat i na dob\u00edrku","item":"https:\/\/www.acorde.cz\/zbozi-vam-muzeme-dodat-i-na-dobirku\/#breadcrumbitem"}]}]