[{"@context":"https:\/\/schema.org\/","@type":"Article","@id":"https:\/\/www.acorde.cz\/vyrobime-skrine-na-miru-do-detskeho-pokoje\/#Article","mainEntityOfPage":"https:\/\/www.acorde.cz\/vyrobime-skrine-na-miru-do-detskeho-pokoje\/","headline":"Vyrob\u00edme sk\u0159\u00edn\u011b na m\u00edru do d\u011btsk\u00e9ho pokoje","name":"Vyrob\u00edme sk\u0159\u00edn\u011b na m\u00edru do d\u011btsk\u00e9ho pokoje","description":"Rozhodli jste se, \u017ee si koup\u00edte nov\u00e9 sk\u0159\u00edn\u011b a \u0159e\u0161\u00edte pot\u00ed\u017ee s prostorem v byt\u011b? Pak nen\u00ed probl\u00e9m. Obra\u0165te se na odborn\u00edky na\u0161\u00ed firmy a ti v\u00e1m je vyrob\u00ed p\u0159\u00edmo na m\u00edru. I v mal\u00e9m prostoru se d\u00e1 naj\u00edt optim\u00e1ln\u00ed \u0159e\u0161en\u00ed a je\u0161t\u011b k tomu m\u00edt byt modern\u011b za\u0159\u00edzen\u00fd. St\u00e1le je\u0161t\u011b nem\u00e1te jasn\u00e9 p\u0159edstavy o tom, jak by m\u011bly vypadat [&hellip;]","datePublished":"2025-01-07","dateModified":"2025-01-07","author":{"@type":"Person","@id":"https:\/\/www.acorde.cz\/author\/#Person","name":"","url":"https:\/\/www.acorde.cz\/author\/","identifier":1,"image":{"@type":"ImageObject","@id":"https:\/\/secure.gravatar.com\/avatar\/3c4e99fa9a9806cd5e8fd7cac6ca73ff5bbf5f3ee309e1745415eebd31482909?s=96&d=mm&r=g","url":"https:\/\/secure.gravatar.com\/avatar\/3c4e99fa9a9806cd5e8fd7cac6ca73ff5bbf5f3ee309e1745415eebd31482909?s=96&d=mm&r=g","height":96,"width":96}},"publisher":{"@type":"Organization","name":"acorde.cz","logo":{"@type":"ImageObject","@id":"\/logo.png","url":"\/logo.png","width":600,"height":60}},"url":"https:\/\/www.acorde.cz\/vyrobime-skrine-na-miru-do-detskeho-pokoje\/","wordCount":196,"articleBody":"Rozhodli jste se, \u017ee si koup\u00edte nov\u00e9 sk\u0159\u00edn\u011b a \u0159e\u0161\u00edte pot\u00ed\u017ee s prostorem v byt\u011b? Pak nen\u00ed probl\u00e9m. Obra\u0165te se na odborn\u00edky na\u0161\u00ed firmy a ti v\u00e1m je vyrob\u00ed p\u0159\u00edmo na m\u00edru. I v mal\u00e9m prostoru se d\u00e1 naj\u00edt optim\u00e1ln\u00ed \u0159e\u0161en\u00ed a je\u0161t\u011b k tomu m\u00edt byt modern\u011b za\u0159\u00edzen\u00fd. St\u00e1le je\u0161t\u011b nem\u00e1te jasn\u00e9 p\u0159edstavy o tom, jak by m\u011bly vypadat va\u0161e nov\u00e9 sk\u0159\u00edn\u011b? Nechte se tedy inspirovat na\u0161\u00ed nab\u00eddkou nejr\u016fzn\u011bj\u0161\u00edch typ\u016f od mal\u00fdch sk\u0159\u00edn\u00ed, po ty nejv\u011bt\u0161\u00ed. Varianty interi\u00e9ru lze samoz\u0159ejm\u011b kombinovat podle toho, co si v n\u00ed p\u0159ejete uskladnit. Nab\u00edz\u00edme v\u00e1m kvalitu za n\u00edzkou cenu a profesion\u00e1ln\u00ed p\u0159\u00edstup. Tak n\u00e1s nav\u0161tivte! P\u0159ij\u010fte se sami p\u0159esv\u011bd\u010dit! M\u00e1me pro v\u00e1s sk\u0159\u00edn\u011b, kter\u00e9 vyrob\u00edme p\u0159\u00edmo na m\u00edru. Jen n\u00e1m sd\u011blte sv\u00e9 po\u017eadavky a my se postar\u00e1me o va\u0161i spokojenost. Porad\u00edme, vyrob\u00edme a n\u00edzk\u00fdmi cenami pot\u011b\u0161\u00edme!                                                                                                                                                                                                                                                                                                                                                                                                "},{"@context":"https:\/\/schema.org\/","@type":"BreadcrumbList","itemListElement":[{"@type":"ListItem","position":1,"name":"Vyrob\u00edme sk\u0159\u00edn\u011b na m\u00edru do d\u011btsk\u00e9ho pokoje","item":"https:\/\/www.acorde.cz\/vyrobime-skrine-na-miru-do-detskeho-pokoje\/#breadcrumbitem"}]}]