[{"@context":"https:\/\/schema.org\/","@type":"Article","@id":"https:\/\/www.acorde.cz\/vybaveni-z-palet\/#Article","mainEntityOfPage":"https:\/\/www.acorde.cz\/vybaveni-z-palet\/","headline":"Vybaven\u00ed z palet","name":"Vybaven\u00ed z palet","description":"&#13; Kdybyste si m\u011bli spo\u010d\u00edtat, kolik stoj\u00ed kompletn\u00ed vybaven\u00ed pr\u016fm\u011brn\u011b velk\u00e9ho bytu, asi by se v\u00e1m proto\u010dily panenky. Jedn\u00e1 se o opravdu velk\u00e9 \u010d\u00e1stky. Na\u0161t\u011bst\u00ed v\u011bt\u0161ina lid\u00ed dostane n\u011bjak\u00fd ten n\u00e1bytek od rodi\u010d\u016f, tak\u017ee si obvykle kupuj\u00ed u\u017e jen drobnosti, kter\u00e1 tak finan\u010dn\u011b n\u00e1ro\u010dn\u00e9 nejsou. Alespo\u0148 tedy pro za\u010d\u00e1tek. Bydlen\u00ed si v\u0161ak m\u016f\u017eete vybavit i p\u0159esto, \u017ee nebudete m\u00edt \u017e\u00e1dnou [&hellip;]","datePublished":"2019-02-11","dateModified":"2023-05-06","author":{"@type":"Person","@id":"https:\/\/www.acorde.cz\/author\/#Person","name":"","url":"https:\/\/www.acorde.cz\/author\/","identifier":1,"image":{"@type":"ImageObject","@id":"https:\/\/secure.gravatar.com\/avatar\/3c4e99fa9a9806cd5e8fd7cac6ca73ff5bbf5f3ee309e1745415eebd31482909?s=96&d=mm&r=g","url":"https:\/\/secure.gravatar.com\/avatar\/3c4e99fa9a9806cd5e8fd7cac6ca73ff5bbf5f3ee309e1745415eebd31482909?s=96&d=mm&r=g","height":96,"width":96}},"publisher":{"@type":"Organization","name":"acorde.cz","logo":{"@type":"ImageObject","@id":"\/logo.png","url":"\/logo.png","width":600,"height":60}},"image":{"@type":"ImageObject","@id":"https:\/\/www.acorde.cz\/wp-content\/uploads\/img_a338556_w2688_t1551198032.jpg","url":"https:\/\/www.acorde.cz\/wp-content\/uploads\/img_a338556_w2688_t1551198032.jpg","height":0,"width":0},"url":"https:\/\/www.acorde.cz\/vybaveni-z-palet\/","about":["N\u00e1kupy"],"wordCount":421,"articleBody":"&#13;\tKdybyste si m\u011bli spo\u010d\u00edtat, kolik stoj\u00ed kompletn\u00ed vybaven\u00ed pr\u016fm\u011brn\u011b velk\u00e9ho bytu, asi by se v\u00e1m proto\u010dily panenky. Jedn\u00e1 se o opravdu velk\u00e9 \u010d\u00e1stky. Na\u0161t\u011bst\u00ed v\u011bt\u0161ina lid\u00ed dostane n\u011bjak\u00fd ten n\u00e1bytek od rodi\u010d\u016f, tak\u017ee si obvykle kupuj\u00ed u\u017e jen drobnosti, kter\u00e1 tak finan\u010dn\u011b n\u00e1ro\u010dn\u00e9 nejsou. Alespo\u0148 tedy pro za\u010d\u00e1tek. Bydlen\u00ed si v\u0161ak m\u016f\u017eete vybavit i p\u0159esto, \u017ee nebudete m\u00edt \u017e\u00e1dnou v\u00fdbavu ani pen\u00edze k dispozici. Sta\u010d\u00ed si jen sehnat n\u011bkde dostate\u010dn\u00e9 mno\u017estv\u00ed d\u0159ev\u011bn\u00fdch palet.&#13;&#13;\t&#13;&#13;\tVhodn\u00fd materi\u00e1l&#13;&#13;\t\u00a0&#13;&#13;\tPalety jsou pro tyto \u00fa\u010dely v\u00edce ne\u017e pou\u017eiteln\u00e9. Samoz\u0159ejm\u011b, \u017ee se v\u00e1m z nich nepoda\u0159\u00ed postavit \u00fapln\u011b v\u0161e, co pot\u0159ebujete, ale minim\u00e1ln\u011b z\u00e1kladn\u00ed v\u011bci ur\u010dit\u011b zvl\u00e1dnete. Sta\u010d\u00ed p\u00e1r dobr\u00fdch n\u00e1pad\u016f, trocha voln\u00e9ho \u010dasu a chu\u0165 si tro\u0161ku m\u00e1knout. Palety jsou nav\u00edc ekologick\u00fdm materi\u00e1lem, tak\u017ee p\u0159i jejich pou\u017eit\u00ed nebudete muset za\u017e\u00edvat \u017e\u00e1dn\u00e9 nep\u0159\u00edjemn\u00e9 du\u0161evn\u00ed stavy, pokud pat\u0159\u00edte mezi zelen\u011bji sm\u00fd\u0161lej\u00edc\u00ed \u010d\u00e1st obyvatelstva. Jsou vyrobeny ze d\u0159eva, tak\u017ee jsou obda\u0159eny p\u0159\u00edrodn\u00edm vzhledem a jsou i vcelku odoln\u00e9. V\u017edy\u0165 v\u0161ude tam, kde se b\u011b\u017en\u011b pou\u017e\u00edvaj\u00ed, tedy nej\u010dast\u011bji ve skladech a supermarketech, jsou pod ka\u017edodenn\u00edm velk\u00fdm z\u00e1p\u0159ahem.&#13;&#13;\t&#13;&#13;\tSestav\u00edte cokoliv&#13;&#13;\t\u00a0&#13;&#13;\tVelkou v\u00fdhodou palet je jejich tvar, d\u00edky \u010demu\u017e jsou nejen pevn\u00e9, ale hlavn\u011b se z nich daj\u00ed sestavit r\u016fzn\u00e9 zaj\u00edmav\u00e9 v\u011bci. Jednodu\u0161e si tak m\u016f\u017eete doma z palet vytvo\u0159it poli\u010dku, j\u00eddeln\u00ed st\u016fl, botn\u00edk nebo t\u0159eba vkusnou knihovnu. Z\u00e1le\u017e\u00ed na va\u0161\u00ed p\u0159edstavivosti a mno\u017estv\u00ed palet. Ty v\u0161ak nejsou vhodn\u00e9 pouze pro tvorbu n\u00e1bytku v interi\u00e9ru, ale hod\u00ed se i do venkovn\u00edch prostor, kup\u0159\u00edkladu na zahradu. Zahradn\u00ed posezen\u00ed z palet ale budete muset bu\u010fto po ka\u017ed\u00e9 schov\u00e1vat, nebo ho minim\u00e1ln\u011b naimpregnovat. Vhodn\u00e9 je tak\u00e9 pou\u017e\u00edt p\u0159\u00edpravky proti r\u016fzn\u00fdch d\u0159evokazn\u00fdm \u0161k\u016fdc\u016fm a kdo chce, m\u016f\u017ee ho nav\u00edc nat\u0159\u00edt i olejem, kter\u00fd funguje jako ochrana p\u0159es ostr\u00fdmi slune\u010dn\u00edmi paprsky, kter\u00e9 d\u0159evu p\u0159\u00edli\u0161 neprosp\u00edvaj\u00ed. Takto o\u0161et\u0159en\u00e9 palety by v\u00e1m m\u011bly vydr\u017eet n\u011bjak\u00fd ten p\u00e1tek i venku.&#13;&#13;\t\u00a0&#13;                                                                                                                                                                                                                                                                                                                                                                                        4.3\/5 - (11 votes)        "},{"@context":"https:\/\/schema.org\/","@type":"BreadcrumbList","itemListElement":[{"@type":"ListItem","position":1,"name":"Vybaven\u00ed z palet","item":"https:\/\/www.acorde.cz\/vybaveni-z-palet\/#breadcrumbitem"}]}]