[{"@context":"https:\/\/schema.org\/","@type":"Article","@id":"https:\/\/www.acorde.cz\/vase-firma\/#Article","mainEntityOfPage":"https:\/\/www.acorde.cz\/vase-firma\/","headline":"Va\u0161e firma","name":"Va\u0161e firma","description":"Vyzn\u00e1te se v \u00fa\u010detnictv\u00ed a da\u0148ov\u00e9 evidenci? Pokud ne a chcete v\u011bd\u011bt n\u011bjak\u00e9 bli\u017e\u0161\u00ed informace o \u00fa\u010detnictv\u00ed a da\u0148ov\u00e9 evidenci, tak se pod\u00edvejte na webov\u00e9 str\u00e1nky jkcredit.cz, kde uvid\u00edte r\u016fzn\u00e9 slu\u017eby, kter\u00e9 se t\u00fdkaj\u00ed ekonomiky anebo \u00fa\u010detnictv\u00ed \u010di da\u0148ov\u00e9 evidence. Budou spravovat opravdu ve\u0161ker\u00e9 \u00fa\u010detn\u00ed dokumenty, aby v\u00e1m opravdu ubylo v\u0161elijak\u00e9 zbyte\u010dn\u00e9 a slo\u017eit\u00e9 pap\u00edrov\u00e1n\u00ed a nemus\u00edte se taky o [&hellip;]","datePublished":"2022-12-27","dateModified":"2023-05-06","author":{"@type":"Person","@id":"https:\/\/www.acorde.cz\/author\/#Person","name":"","url":"https:\/\/www.acorde.cz\/author\/","identifier":1,"image":{"@type":"ImageObject","@id":"https:\/\/secure.gravatar.com\/avatar\/3c4e99fa9a9806cd5e8fd7cac6ca73ff5bbf5f3ee309e1745415eebd31482909?s=96&d=mm&r=g","url":"https:\/\/secure.gravatar.com\/avatar\/3c4e99fa9a9806cd5e8fd7cac6ca73ff5bbf5f3ee309e1745415eebd31482909?s=96&d=mm&r=g","height":96,"width":96}},"publisher":{"@type":"Organization","name":"acorde.cz","logo":{"@type":"ImageObject","@id":"\/logo.png","url":"\/logo.png","width":600,"height":60}},"image":{"@type":"ImageObject","@id":"https:\/\/www.acorde.cz\/wp-content\/uploads\/europe-34323_960_720_1.png","url":"https:\/\/www.acorde.cz\/wp-content\/uploads\/europe-34323_960_720_1.png","height":0,"width":0},"url":"https:\/\/www.acorde.cz\/vase-firma\/","about":["Podnik\u00e1n\u00ed"],"wordCount":399,"articleBody":"      Vyzn\u00e1te se v \u00fa\u010detnictv\u00ed a da\u0148ov\u00e9 evidenci? Pokud ne a chcete v\u011bd\u011bt n\u011bjak\u00e9 bli\u017e\u0161\u00ed informace o \u00fa\u010detnictv\u00ed a da\u0148ov\u00e9 evidenci, tak se pod\u00edvejte na webov\u00e9 str\u00e1nky jkcredit.cz, kde uvid\u00edte r\u016fzn\u00e9 slu\u017eby, kter\u00e9 se t\u00fdkaj\u00ed ekonomiky anebo \u00fa\u010detnictv\u00ed \u010di da\u0148ov\u00e9 evidence. Budou spravovat opravdu ve\u0161ker\u00e9 \u00fa\u010detn\u00ed dokumenty, aby v\u00e1m opravdu ubylo v\u0161elijak\u00e9 zbyte\u010dn\u00e9 a slo\u017eit\u00e9 pap\u00edrov\u00e1n\u00ed a nemus\u00edte se taky o to starat. Tato firma taky v\u00e1m v\u0161echno zaeviduje a odevzd\u00e1 to za v\u00e1s A t\u00edm si taky u\u0161et\u0159\u00edte opravdu mnoho \u010dasu a taky hodn\u011b nerv\u016f a nesrovnalost\u00ed nebo taky stresu. Zn\u00e1m toti\u017e opravdu lid\u00ed, kter\u00fdm pravdu vad\u00ed, kdy\u017e mus\u00ed odevzd\u00e1vat n\u011bco st\u00e1tu anebo si s t\u00edm mus\u00ed poradit sami. N\u011bkdo na to bohu\u017eel nem\u00e1 povahu nebo se v tom nevyzn\u00e1 a po\u017eaduje odbornou pr\u00e1ci. A m\u011b by t\u0159eba opravdu hodn\u011b bavilo v\u00e9st firmu, ale opravdu se nevyzn\u00e1m v \u00fa\u010detnictv\u00ed, tak\u017ee by to pro m\u011b bylo opravdu slo\u017eit\u00e9. A nav\u00edc, kdy\u017e veden\u00ed \u00fa\u010detnictv\u00ed v Praze \u0161est je slo\u017eit\u00e9. Proto\u017ee moje kamar\u00e1dka kdysi bydlela v Praze \u0161est, kde m\u011bla firmu d\u011blala taky mas\u00e1\u017ee a prod\u00e1vala mas\u00e1\u017en\u00ed v\u00fdrobky. A musela v\u00e9st \u00fa\u010detnictv\u00ed v Praze \u0161est, ale ona se v tom v\u016fbec nevyzn\u00e1, tak\u017ee si opravdu najela n\u011bjak\u00e9 odborn\u00edky, kter\u00e9 veden\u00ed \u00fa\u010detnictv\u00ed za n\u00ed ud\u011blali.A v\u011b\u0159te mi, \u017ee je to opravdu osvobozuj\u00edc\u00ed. Moje kamar\u00e1dka se takhle alespo\u0148 m\u016f\u017ee v\u011bnovat sv\u00e9 pr\u00e1ci, d\u011bl\u00e1n\u00ed mas\u00e1\u017ee a prodej v\u00fdrobk\u016f, nemus\u00ed se alespo\u0148 starat o veden\u00ed \u00fa\u010detnictv\u00ed a da\u0148ovou evidenci. V\u011b\u0159te mi, \u017ee \u00fa\u010detnictv\u00ed opravdu nen\u00ed pro ka\u017ed\u00e9ho. Eviduje v\u00e1m DPH nebo kontroln\u00ed hl\u00e1\u0161en\u00ed, co se mi taky l\u00edbilo. A d\u011blaj\u00ed tak\u00e9 da\u0148ov\u00e9 p\u0159izn\u00e1n\u00ed k DPH a dan\u011b z p\u0159\u00edjmu a silni\u010dn\u00ed da\u0148. Byla jsem velice p\u0159ekvapen\u00e1, kdy\u017e jsem tohle \u010detla, proto\u017ee mnoho lid\u00ed o tomhle ani v\u016fbec nemus\u00ed v\u011bd\u011bt, co\u017e je podle m\u00e9ho n\u00e1zoru velik\u00e1 \u0161koda. A nav\u00edc m\u00edsto veden\u00ed \u00fa\u010detnictv\u00ed v Praze 6 je taky velmi \u017e\u00e1dan\u00e9 a prima, zkuste tuto volbu.                                                                                                                                                                                                                                                                                                                                                                                          4.4\/5 - (5 votes)        "},{"@context":"https:\/\/schema.org\/","@type":"BreadcrumbList","itemListElement":[{"@type":"ListItem","position":1,"name":"Va\u0161e firma","item":"https:\/\/www.acorde.cz\/vase-firma\/#breadcrumbitem"}]}]