[{"@context":"https:\/\/schema.org\/","@type":"Article","@id":"https:\/\/www.acorde.cz\/vanocni-trendy-2023\/#Article","mainEntityOfPage":"https:\/\/www.acorde.cz\/vanocni-trendy-2023\/","headline":"V\u00e1no\u010dn\u00ed trendy 2023","name":"V\u00e1no\u010dn\u00ed trendy 2023","description":"V\u00fdrazn\u00e1 barva Viva Magenta Barva Viva Magenta je barvou roku pro leto\u0161n\u00ed rok 2023. Tu ka\u017ed\u00fd rok vyhla\u0161uje spole\u010dnost Pantone s\u00eddl\u00edc\u00ed v USA. Nutno podotknout, \u017ee magenta je odv\u00e1\u017en\u00e1 a hrav\u00e1 sm\u011bs barev r\u016f\u017eov\u00e9, fuchsiov\u00e9 a fialov\u00e9. Pohled na ni v\u00e1m dod\u00e1 optimismus a radost. Jak si vyzdobit domov s touto barvou? Jedn\u00e1 se o v\u00fdraznou barvu, tak\u017ee ji kombinujte [&hellip;]","datePublished":"2022-12-14","dateModified":"2022-12-14","author":{"@type":"Person","@id":"https:\/\/www.acorde.cz\/author\/#Person","name":"","url":"https:\/\/www.acorde.cz\/author\/","identifier":1,"image":{"@type":"ImageObject","@id":"https:\/\/secure.gravatar.com\/avatar\/3c4e99fa9a9806cd5e8fd7cac6ca73ff5bbf5f3ee309e1745415eebd31482909?s=96&d=mm&r=g","url":"https:\/\/secure.gravatar.com\/avatar\/3c4e99fa9a9806cd5e8fd7cac6ca73ff5bbf5f3ee309e1745415eebd31482909?s=96&d=mm&r=g","height":96,"width":96}},"publisher":{"@type":"Organization","name":"acorde.cz","logo":{"@type":"ImageObject","@id":"\/logo.png","url":"\/logo.png","width":600,"height":60}},"image":{"@type":"ImageObject","@id":"https:\/\/www.acorde.cz\/wp-content\/uploads\/masni-1406519_640_1.jpg","url":"https:\/\/www.acorde.cz\/wp-content\/uploads\/masni-1406519_640_1.jpg","height":0,"width":0},"url":"https:\/\/www.acorde.cz\/vanocni-trendy-2023\/","about":["\u017divotn\u00ed styl"],"wordCount":446,"articleBody":"V\u00fdrazn\u00e1 barva Viva MagentaBarva Viva Magenta je barvou roku pro leto\u0161n\u00ed rok 2023. Tu ka\u017ed\u00fd rok vyhla\u0161uje spole\u010dnost Pantone s\u00eddl\u00edc\u00ed v USA. Nutno podotknout, \u017ee magenta je odv\u00e1\u017en\u00e1 a hrav\u00e1 sm\u011bs barev r\u016f\u017eov\u00e9, fuchsiov\u00e9 a fialov\u00e9. Pohled na ni v\u00e1m dod\u00e1 optimismus a radost. Jak si vyzdobit domov s touto barvou? Jedn\u00e1 se o v\u00fdraznou barvu, tak\u017ee ji kombinujte s neutr\u00e1ln\u00edmi barvami (b\u00edl\u00e1, \u0161ed\u00e1) a s mno\u017estv\u00edm to nep\u0159eh\u00e1n\u011bjte.MinimalismusTento trend se bude l\u00edbit v\u0161em, kte\u0159\u00ed maj\u00ed r\u00e1di st\u0159\u00eddm\u00fd styl a rad\u011bji s\u00e1z\u00ed na p\u0159\u00edrodn\u00ed dekorace nam\u00edsto kupovan\u00fdch. Vyberte si jednu hlavn\u00ed neutr\u00e1ln\u00ed barvu (b\u00edl\u00e1, b\u00e9\u017eov\u00e1, pastelov\u00e9 t\u00f3ny) a do t\u00e9 sla\u010fte cel\u00fd domov. Hrajte si jen s r\u016fzn\u00fdmi odst\u00edny jedn\u00e9 barvy. Co se t\u00fdk\u00e1 dekorac\u00ed, vyu\u017eijte to, co najdete venku b\u011bhem proch\u00e1zky. M\u016f\u017ee to b\u00fdt mech, r\u016fzn\u00e9 v\u011btvi\u010dky, klac\u00edky, jehli\u010d\u00ed nebo d\u0159evo.\u00a0Tip: z p\u0159\u00edrodnin zkuste vyrobit adventn\u00ed v\u011bnec a ozdoby na strome\u010dek. Na stole vypad\u00e1 perfektn\u011b i rozkrojen\u00e9 jablko, cel\u00e1 sko\u0159ice \u010di p\u016flky vla\u0161sk\u00fdch o\u0159ech\u016f.\u00a0KlasikaDobr\u00e9 je, \u017ee tradi\u010dn\u00ed v\u00fdzdoba nikdy nevyjde z m\u00f3dy. Mo\u017en\u00e1 si te\u010f p\u0159edstav\u00edte americk\u00e9 filmy a v tom k\u00fd\u010dovou \u010derveno-zelenou v\u00fdzdobu. Ano, to je ono. Posta\u010d\u00ed jen trochu ubrat a cel\u00e9mu domovu vdechnete \u00fa\u017easn\u00fd v\u00e1no\u010dn\u00ed n\u00e1dech. V zahrani\u010d\u00ed se centrem hlavn\u00ed v\u00fdzdoby st\u00e1v\u00e1 krb, pokud ho nem\u00e1te vyberte jak\u00fdkoliv jin\u00fd kout ve va\u0161em dom\u011b a ten nazdobte sv\u011bt\u00fdlky a sv\u00ed\u010dkami.Poh\u00e1dkov\u00e9 postavi\u010dkyIn jsou tak\u00e9 nejr\u016fzn\u011bj\u0161\u00ed poh\u00e1dkov\u00e9 postavi\u010dky. Asi nejpopul\u00e1rn\u011bj\u0161\u00ed je lousk\u00e1\u010dek a sk\u0159\u00edtci. Ty m\u016f\u017eete rozestav\u011bt po stole a okenn\u00edch parapetech a kochat se, jakou v\u00e1m d\u011blaj\u00ed spole\u010dnost. Cel\u00fd \u010das V\u00e1noc je tak trochu kouzeln\u00fd, proto si pus\u0165te i vy dom\u016f poh\u00e1dku se z\u00e1zraky a kouzly. A v\u011b\u0159te.Co je\u0161t\u011b fr\u010d\u00ed?motivy jelen\u016f a srnekologick\u00e1 recyklace star\u00fdch ozdobled sv\u011bteln\u00e9 \u0159et\u011bzy, kter\u00e9 se daj\u00ed ovl\u00e1dat chytr\u00fdm telefonemzasn\u011b\u017een\u00fd styl (kombinace modr\u00e9 s b\u00edlou)A z\u00e1v\u011brem? Je jedno, jak\u00fd styl v\u00fdzdoby si vyberete, nejd\u016fle\u017eit\u011bj\u0161\u00ed je str\u00e1vit \u010das v pohod\u011b, klidu a se sv\u00fdmi bl\u00edzk\u00fdmi. Zapome\u0148te na stres a u\u017eijte si ty nejkr\u00e1sn\u011bj\u0161\u00ed V\u00e1noce 2023.                                                                                                                                                                                                                                                                                                                                                                                        4.4\/5 - (5 votes)        "},{"@context":"https:\/\/schema.org\/","@type":"BreadcrumbList","itemListElement":[{"@type":"ListItem","position":1,"name":"V\u00e1no\u010dn\u00ed trendy 2023","item":"https:\/\/www.acorde.cz\/vanocni-trendy-2023\/#breadcrumbitem"}]}]