[{"@context":"https:\/\/schema.org\/","@type":"Article","@id":"https:\/\/www.acorde.cz\/tvorba-webovych-stranek\/#Article","mainEntityOfPage":"https:\/\/www.acorde.cz\/tvorba-webovych-stranek\/","headline":"Tvorba webov\u00fdch str\u00e1nek","name":"Tvorba webov\u00fdch str\u00e1nek","description":"Co mysl\u00edte, l\u00edbilo by se V\u00e1m m\u00edt v\u00edce pr\u00e1ce? Pokud podnik\u00e1te, pak je na mno\u017estv\u00ed pr\u00e1ce p\u0159\u00edmo z\u00e1visl\u00fd V\u00e1\u0161 v\u00fdd\u011blek a tak se nen\u00ed \u010demu divit, \u017ee kladn\u011b pokyvujete, \u017ee v\u00edce pr\u00e1ce si p\u0159ejete. Pak tedy oslovte n\u00e1s, nab\u00edz\u00edme tvorba webov\u00fdch str\u00e1nek. Tvorba webov\u00fdch str\u00e1nek Nemus\u00edte se b\u00e1t, proto\u017ee s n\u00e1mi si pom\u016f\u017eete k lep\u0161\u00edmu hospod\u00e1\u0159sk\u00e9mu v\u00fdsledku. Uvid\u00edte, \u017ee tvorba [&hellip;]","datePublished":"2025-04-17","dateModified":"2025-04-17","author":{"@type":"Person","@id":"https:\/\/www.acorde.cz\/author\/#Person","name":"","url":"https:\/\/www.acorde.cz\/author\/","identifier":1,"image":{"@type":"ImageObject","@id":"https:\/\/secure.gravatar.com\/avatar\/3c4e99fa9a9806cd5e8fd7cac6ca73ff5bbf5f3ee309e1745415eebd31482909?s=96&d=mm&r=g","url":"https:\/\/secure.gravatar.com\/avatar\/3c4e99fa9a9806cd5e8fd7cac6ca73ff5bbf5f3ee309e1745415eebd31482909?s=96&d=mm&r=g","height":96,"width":96}},"publisher":{"@type":"Organization","name":"acorde.cz","logo":{"@type":"ImageObject","@id":"\/logo.png","url":"\/logo.png","width":600,"height":60}},"url":"https:\/\/www.acorde.cz\/tvorba-webovych-stranek\/","wordCount":195,"articleBody":"Co mysl\u00edte, l\u00edbilo by se V\u00e1m m\u00edt v\u00edce pr\u00e1ce? Pokud podnik\u00e1te, pak je na mno\u017estv\u00ed pr\u00e1ce p\u0159\u00edmo z\u00e1visl\u00fd V\u00e1\u0161 v\u00fdd\u011blek a tak se nen\u00ed \u010demu divit, \u017ee kladn\u011b pokyvujete, \u017ee v\u00edce pr\u00e1ce si p\u0159ejete. Pak tedy oslovte n\u00e1s, nab\u00edz\u00edme tvorba webov\u00fdch str\u00e1nek.Tvorba webov\u00fdch str\u00e1nekNemus\u00edte se b\u00e1t, proto\u017ee s n\u00e1mi si pom\u016f\u017eete k lep\u0161\u00edmu hospod\u00e1\u0159sk\u00e9mu v\u00fdsledku. Uvid\u00edte, \u017ee tvorba webov\u00fdch str\u00e1nek m\u016f\u017ee b\u00fdt nov\u00fdm impulsem, p\u0159esn\u011b takov\u00fdm, kter\u00fd V\u00e1m pom\u016f\u017ee znovu nastartovat p\u0159\u00edjem nov\u00fdch objedn\u00e1vek, na kter\u00fd tak tou\u017eebn\u011b \u010dek\u00e1te.P\u0159idejte se k n\u00e1m na cest\u011b za \u00fasp\u011bchemtvorba webov\u00fdch str\u00e1nek pom\u016f\u017ee i Va\u0161emu podnik\u00e1n\u00ed k vy\u0161\u0161\u00edm \u00fasp\u011bch\u016fm a vy\u0161\u0161\u00edm zisk\u016fm. Cht\u011bli byste v\u011bd\u011bt v\u00edce? Cht\u011bli byste v\u011bd\u011bt, jak na tom budete s na\u0161\u00ed pomoc\u00ed? Kontaktujte n\u00e1s, nev\u00e1hejte a budete se m\u00edt l\u00e9pe!                                                                                                                                                                                                                                                                                                                                                                                                "},{"@context":"https:\/\/schema.org\/","@type":"BreadcrumbList","itemListElement":[{"@type":"ListItem","position":1,"name":"Tvorba webov\u00fdch str\u00e1nek","item":"https:\/\/www.acorde.cz\/tvorba-webovych-stranek\/#breadcrumbitem"}]}]