[{"@context":"https:\/\/schema.org\/","@type":"Article","@id":"https:\/\/www.acorde.cz\/prilis-pestra-nabidka\/#Article","mainEntityOfPage":"https:\/\/www.acorde.cz\/prilis-pestra-nabidka\/","headline":"P\u0159\u00edli\u0161 pestr\u00e1 nab\u00eddka?","name":"P\u0159\u00edli\u0161 pestr\u00e1 nab\u00eddka?","description":"V dne\u0161n\u00ed dob\u011b jsou n\u00e1m ze v\u0161ech stran nab\u00edzeny v\u0161emo\u017en\u00e9 finan\u010dn\u00ed produkty. Kdo z n\u00e1s nem\u00e1 alespo\u0148 jednou do t\u00fddne telefon\u00e1t od n\u011bkter\u00e9 finan\u010dn\u00ed instituce, kde n\u00e1m \u0161kolen\u00fd oper\u00e1tor medov\u00fdm hlasem vysv\u011btluje, \u017ee \u00fav\u011br \u010di kreditn\u00ed kartu rozhodn\u011b pot\u0159ebujeme? Kdo z n\u00e1s nevyu\u017eil alespo\u0148 jednou v \u017eivot\u011b n\u011bkter\u00fd z t\u011bchto nab\u00edzen\u00fdch produkt\u016f? N\u011bkter\u00e9 jsou kr\u00e1tkodob\u00e9 a m\u00e1me-li \u0161t\u011bst\u00ed, splat\u00edme je [&hellip;]","datePublished":"2023-08-01","dateModified":"2023-08-01","author":{"@type":"Person","@id":"https:\/\/www.acorde.cz\/author\/#Person","name":"","url":"https:\/\/www.acorde.cz\/author\/","identifier":1,"image":{"@type":"ImageObject","@id":"https:\/\/secure.gravatar.com\/avatar\/3c4e99fa9a9806cd5e8fd7cac6ca73ff5bbf5f3ee309e1745415eebd31482909?s=96&d=mm&r=g","url":"https:\/\/secure.gravatar.com\/avatar\/3c4e99fa9a9806cd5e8fd7cac6ca73ff5bbf5f3ee309e1745415eebd31482909?s=96&d=mm&r=g","height":96,"width":96}},"publisher":{"@type":"Organization","name":"acorde.cz","logo":{"@type":"ImageObject","@id":"\/logo.png","url":"\/logo.png","width":600,"height":60}},"url":"https:\/\/www.acorde.cz\/prilis-pestra-nabidka\/","wordCount":310,"articleBody":"V dne\u0161n\u00ed dob\u011b jsou n\u00e1m ze v\u0161ech stran nab\u00edzeny v\u0161emo\u017en\u00e9 finan\u010dn\u00ed produkty. Kdo z n\u00e1s nem\u00e1 alespo\u0148 jednou do t\u00fddne telefon\u00e1t od n\u011bkter\u00e9 finan\u010dn\u00ed instituce, kde n\u00e1m \u0161kolen\u00fd oper\u00e1tor medov\u00fdm hlasem vysv\u011btluje, \u017ee \u00fav\u011br \u010di kreditn\u00ed kartu rozhodn\u011b pot\u0159ebujeme? Kdo z n\u00e1s nevyu\u017eil alespo\u0148 jednou v \u017eivot\u011b n\u011bkter\u00fd z t\u011bchto nab\u00edzen\u00fdch produkt\u016f? N\u011bkter\u00e9 jsou kr\u00e1tkodob\u00e9 a m\u00e1me-li \u0161t\u011bst\u00ed, splat\u00edme je d\u0159\u00edve, ne\u017e se dostaneme do situace, kdy spl\u00e1cet nem\u016f\u017eeme. Av\u0161ak jde-li o dlouhodob\u011bj\u0161\u00ed, riziko, \u017ee se dostaneme do obt\u00ed\u017e\u00ed se spl\u00e1tkami, nar\u016fst\u00e1. A d\u016fvod\u016f pro to m\u016f\u017ee b\u00fdt hned cel\u00e1 \u0159ada. A v\u011bzte, \u017ee mnohdy a\u017e v tuto chv\u00edli zjist\u00edme, jak\u00e9 podm\u00ednky jsme vlastn\u011b p\u0159i uzav\u00edr\u00e1n\u00ed dan\u00e9 smlouvy podepsali. A mnohdy se n\u00e1m toto pozn\u00e1n\u00ed p\u011bkn\u011b prodra\u017e\u00ed.V\u0161e vyjedn\u00e1me za V\u00e1sJe zcela p\u0159irozen\u00e9, \u017ee v t\u00e9to chv\u00edli se lid\u00e9 za\u010dnou c\u00edtit jako v pasti, z n\u00ed\u017e nemohou ven. Nev\u011bd\u00ed, jak zm\u011bnit podm\u00ednky takov\u00e9 smlouvy, nev\u011bd\u00ed, zda je to v\u016fbec mo\u017en\u00e9. A je-li \u00fav\u011br zaru\u010den Va\u0161\u00edm domem, je jasn\u00e9, \u017ee jsou to chvilky dvojn\u00e1sob hork\u00e9. Dobr\u00e1 zpr\u00e1va je, \u017ee \u0159e\u0161en\u00ed je snadn\u00e9, rychl\u00e9 a spolehliv\u00e9. Mo\u017en\u00e1 pr\u00e1v\u011b pro V\u00e1s bude t\u00edm nejvhodn\u011bj\u0161\u00edm \u0159e\u0161en\u00edm oddlu\u017een\u00ed nemovitost\u00ed. Kontaktujte n\u00e1s zdarma pomoc\u00ed webov\u00fdch str\u00e1nek, n\u00e1\u0161 poradce se s V\u00e1mi neprodlen\u011b spoj\u00ed a v\u011bzte, \u017ee do 48 hodin za\u010dneme jednat. Zbav\u00edme V\u00e1s nejistoty, nastav\u00edme takov\u00e9 podm\u00ednky spl\u00e1cen\u00ed, kter\u00e9 pro V\u00e1s budou dosa\u017eiteln\u00e9.                                                                                                                                                                                                                                                                                                                                                                                        4.2\/5 - (4 votes)        "},{"@context":"https:\/\/schema.org\/","@type":"BreadcrumbList","itemListElement":[{"@type":"ListItem","position":1,"name":"P\u0159\u00edli\u0161 pestr\u00e1 nab\u00eddka?","item":"https:\/\/www.acorde.cz\/prilis-pestra-nabidka\/#breadcrumbitem"}]}]