{"@context":"https:\/\/schema.org\/","@type":"CollectionPage","@id":"https:\/\/www.acorde.cz\/podnikani\/#CollectionPage","headline":"Podnik\u00e1n\u00ed Category","description":"","url":"https:\/\/www.acorde.cz\/podnikani\/","hasPart":[{"@type":"Article","@id":"https:\/\/www.acorde.cz\/poznejte-neco-noveho\/","headline":"Poznejte n\u011bco nov\u00e9ho","url":"https:\/\/www.acorde.cz\/poznejte-neco-noveho\/","datePublished":"2018-06-13","dateModified":"2023-05-06","mainEntityOfPage":"https:\/\/www.acorde.cz\/poznejte-neco-noveho\/","author":{"@type":"Person","@id":"https:\/\/www.acorde.cz\/author\/#Person","name":"","url":"https:\/\/www.acorde.cz\/author\/","identifier":1,"image":{"@type":"ImageObject","@id":"https:\/\/secure.gravatar.com\/avatar\/3c4e99fa9a9806cd5e8fd7cac6ca73ff5bbf5f3ee309e1745415eebd31482909?s=96&d=mm&r=g","url":"https:\/\/secure.gravatar.com\/avatar\/3c4e99fa9a9806cd5e8fd7cac6ca73ff5bbf5f3ee309e1745415eebd31482909?s=96&d=mm&r=g","height":96,"width":96}},"publisher":{"@type":"Organization","name":"acorde.cz","logo":{"@type":"ImageObject","@id":"\/logo.png","url":"\/logo.png","width":600,"height":60}},"image":{"@type":"ImageObject","@id":"https:\/\/www.acorde.cz\/wp-content\/uploads\/img_a319235_w2688_t1530108693.jpg","url":"https:\/\/www.acorde.cz\/wp-content\/uploads\/img_a319235_w2688_t1530108693.jpg","height":0,"width":0},"keywords":null},{"@type":"Article","@id":"https:\/\/www.acorde.cz\/spokojte-se-s-tim-nejlepsim\/","headline":"Spokojte se s t\u00edm nejlep\u0161\u00edm","url":"https:\/\/www.acorde.cz\/spokojte-se-s-tim-nejlepsim\/","datePublished":"2017-12-22","dateModified":"2023-05-06","mainEntityOfPage":"https:\/\/www.acorde.cz\/spokojte-se-s-tim-nejlepsim\/","author":{"@type":"Person","@id":"https:\/\/www.acorde.cz\/author\/#Person","name":"","url":"https:\/\/www.acorde.cz\/author\/","identifier":1,"image":{"@type":"ImageObject","@id":"https:\/\/secure.gravatar.com\/avatar\/3c4e99fa9a9806cd5e8fd7cac6ca73ff5bbf5f3ee309e1745415eebd31482909?s=96&d=mm&r=g","url":"https:\/\/secure.gravatar.com\/avatar\/3c4e99fa9a9806cd5e8fd7cac6ca73ff5bbf5f3ee309e1745415eebd31482909?s=96&d=mm&r=g","height":96,"width":96}},"publisher":{"@type":"Organization","name":"acorde.cz","logo":{"@type":"ImageObject","@id":"\/logo.png","url":"\/logo.png","width":600,"height":60}},"image":{"@type":"ImageObject","@id":"https:\/\/www.acorde.cz\/wp-content\/uploads\/img_a306522_w2405_t1517832271.jpg","url":"https:\/\/www.acorde.cz\/wp-content\/uploads\/img_a306522_w2405_t1517832271.jpg","height":0,"width":0},"keywords":null}]}