{"@context":"https:\/\/schema.org\/","@type":"CollectionPage","@id":"https:\/\/www.acorde.cz\/podnikani\/#CollectionPage","headline":"Podnik\u00e1n\u00ed Category","description":"","url":"https:\/\/www.acorde.cz\/podnikani\/","hasPart":[{"@type":"Article","@id":"https:\/\/www.acorde.cz\/the-best-holiday\/","headline":"The best holiday","url":"https:\/\/www.acorde.cz\/the-best-holiday\/","datePublished":"2021-12-25","dateModified":"2023-05-06","mainEntityOfPage":"https:\/\/www.acorde.cz\/the-best-holiday\/","author":{"@type":"Person","@id":"https:\/\/www.acorde.cz\/author\/#Person","name":"","url":"https:\/\/www.acorde.cz\/author\/","identifier":1,"image":{"@type":"ImageObject","@id":"https:\/\/secure.gravatar.com\/avatar\/3c4e99fa9a9806cd5e8fd7cac6ca73ff5bbf5f3ee309e1745415eebd31482909?s=96&d=mm&r=g","url":"https:\/\/secure.gravatar.com\/avatar\/3c4e99fa9a9806cd5e8fd7cac6ca73ff5bbf5f3ee309e1745415eebd31482909?s=96&d=mm&r=g","height":96,"width":96}},"publisher":{"@type":"Organization","name":"acorde.cz","logo":{"@type":"ImageObject","@id":"\/logo.png","url":"\/logo.png","width":600,"height":60}},"image":{"@type":"ImageObject","@id":"https:\/\/www.acorde.cz\/wp-content\/uploads\/alpine-g7c401843d_640_3.jpg","url":"https:\/\/www.acorde.cz\/wp-content\/uploads\/alpine-g7c401843d_640_3.jpg","height":0,"width":0},"keywords":null},{"@type":"Article","@id":"https:\/\/www.acorde.cz\/stehovani-v-praze-1-se-da-zvladnout-docela-hrave-i-v-neobvyklou-denni-dobu\/","headline":"St\u011bhov\u00e1n\u00ed v Praze 1 se d\u00e1 zvl\u00e1dnout docela hrav\u011b i v neobvyklou denn\u00ed dobu","url":"https:\/\/www.acorde.cz\/stehovani-v-praze-1-se-da-zvladnout-docela-hrave-i-v-neobvyklou-denni-dobu\/","datePublished":"2021-11-20","dateModified":"2023-05-06","mainEntityOfPage":"https:\/\/www.acorde.cz\/stehovani-v-praze-1-se-da-zvladnout-docela-hrave-i-v-neobvyklou-denni-dobu\/","author":{"@type":"Person","@id":"https:\/\/www.acorde.cz\/author\/#Person","name":"","url":"https:\/\/www.acorde.cz\/author\/","identifier":1,"image":{"@type":"ImageObject","@id":"https:\/\/secure.gravatar.com\/avatar\/3c4e99fa9a9806cd5e8fd7cac6ca73ff5bbf5f3ee309e1745415eebd31482909?s=96&d=mm&r=g","url":"https:\/\/secure.gravatar.com\/avatar\/3c4e99fa9a9806cd5e8fd7cac6ca73ff5bbf5f3ee309e1745415eebd31482909?s=96&d=mm&r=g","height":96,"width":96}},"publisher":{"@type":"Organization","name":"acorde.cz","logo":{"@type":"ImageObject","@id":"\/logo.png","url":"\/logo.png","width":600,"height":60}},"image":{"@type":"ImageObject","@id":"https:\/\/www.acorde.cz\/wp-content\/uploads\/nest-g3707d3167_640.jpg","url":"https:\/\/www.acorde.cz\/wp-content\/uploads\/nest-g3707d3167_640.jpg","height":0,"width":0},"keywords":null},{"@type":"Article","@id":"https:\/\/www.acorde.cz\/strojni-cisteni-kobercu-je-zbavi-i-plisni-a-zatuchliny\/","headline":"Strojn\u00ed \u010di\u0161t\u011bn\u00ed koberc\u016f je zbav\u00ed i pl\u00edsn\u00ed a zatuchliny","url":"https:\/\/www.acorde.cz\/strojni-cisteni-kobercu-je-zbavi-i-plisni-a-zatuchliny\/","datePublished":"2021-08-20","dateModified":"2023-05-06","mainEntityOfPage":"https:\/\/www.acorde.cz\/strojni-cisteni-kobercu-je-zbavi-i-plisni-a-zatuchliny\/","author":{"@type":"Person","@id":"https:\/\/www.acorde.cz\/author\/#Person","name":"","url":"https:\/\/www.acorde.cz\/author\/","identifier":1,"image":{"@type":"ImageObject","@id":"https:\/\/secure.gravatar.com\/avatar\/3c4e99fa9a9806cd5e8fd7cac6ca73ff5bbf5f3ee309e1745415eebd31482909?s=96&d=mm&r=g","url":"https:\/\/secure.gravatar.com\/avatar\/3c4e99fa9a9806cd5e8fd7cac6ca73ff5bbf5f3ee309e1745415eebd31482909?s=96&d=mm&r=g","height":96,"width":96}},"publisher":{"@type":"Organization","name":"acorde.cz","logo":{"@type":"ImageObject","@id":"\/logo.png","url":"\/logo.png","width":600,"height":60}},"image":{"@type":"ImageObject","@id":"https:\/\/www.acorde.cz\/wp-content\/uploads\/koberec%20na%20podlaze_9.jpg","url":"https:\/\/www.acorde.cz\/wp-content\/uploads\/koberec%20na%20podlaze_9.jpg","height":0,"width":0},"keywords":null},{"@type":"Article","@id":"https:\/\/www.acorde.cz\/po-cem-touzi-zeny\/","headline":"Po \u010dem tou\u017e\u00ed \u017eeny?","url":"https:\/\/www.acorde.cz\/po-cem-touzi-zeny\/","datePublished":"2021-08-20","dateModified":"2023-05-06","mainEntityOfPage":"https:\/\/www.acorde.cz\/po-cem-touzi-zeny\/","author":{"@type":"Person","@id":"https:\/\/www.acorde.cz\/author\/#Person","name":"","url":"https:\/\/www.acorde.cz\/author\/","identifier":1,"image":{"@type":"ImageObject","@id":"https:\/\/secure.gravatar.com\/avatar\/3c4e99fa9a9806cd5e8fd7cac6ca73ff5bbf5f3ee309e1745415eebd31482909?s=96&d=mm&r=g","url":"https:\/\/secure.gravatar.com\/avatar\/3c4e99fa9a9806cd5e8fd7cac6ca73ff5bbf5f3ee309e1745415eebd31482909?s=96&d=mm&r=g","height":96,"width":96}},"publisher":{"@type":"Organization","name":"acorde.cz","logo":{"@type":"ImageObject","@id":"\/logo.png","url":"\/logo.png","width":600,"height":60}},"image":{"@type":"ImageObject","@id":"https:\/\/www.acorde.cz\/wp-content\/uploads\/%C5%BEena%20na%20k%C5%99esle.jpg","url":"https:\/\/www.acorde.cz\/wp-content\/uploads\/%C5%BEena%20na%20k%C5%99esle.jpg","height":0,"width":0},"keywords":null},{"@type":"Article","@id":"https:\/\/www.acorde.cz\/perfektni-odstin-ktery-muzete-mit-i-v-zimnim-obdobi\/","headline":"Perfektn\u00ed odst\u00edn, kter\u00fd m\u016f\u017eete m\u00edt i v zimn\u00edm obdob\u00ed","url":"https:\/\/www.acorde.cz\/perfektni-odstin-ktery-muzete-mit-i-v-zimnim-obdobi\/","datePublished":"2021-05-14","dateModified":"2023-11-16","mainEntityOfPage":"https:\/\/www.acorde.cz\/perfektni-odstin-ktery-muzete-mit-i-v-zimnim-obdobi\/","author":{"@type":"Person","@id":"https:\/\/www.acorde.cz\/author\/#Person","name":"","url":"https:\/\/www.acorde.cz\/author\/","identifier":1,"image":{"@type":"ImageObject","@id":"https:\/\/secure.gravatar.com\/avatar\/3c4e99fa9a9806cd5e8fd7cac6ca73ff5bbf5f3ee309e1745415eebd31482909?s=96&d=mm&r=g","url":"https:\/\/secure.gravatar.com\/avatar\/3c4e99fa9a9806cd5e8fd7cac6ca73ff5bbf5f3ee309e1745415eebd31482909?s=96&d=mm&r=g","height":96,"width":96}},"publisher":{"@type":"Organization","name":"acorde.cz","logo":{"@type":"ImageObject","@id":"\/logo.png","url":"\/logo.png","width":600,"height":60}},"image":{"@type":"ImageObject","@id":"https:\/\/www.acorde.cz\/wp-content\/uploads\/solarium-1064815_960_720_1.jpg","url":"https:\/\/www.acorde.cz\/wp-content\/uploads\/solarium-1064815_960_720_1.jpg","height":0,"width":0},"keywords":null},{"@type":"Article","@id":"https:\/\/www.acorde.cz\/stehovani-jde-jednoduse\/","headline":"St\u011bhov\u00e1n\u00ed jde jednodu\u0161e","url":"https:\/\/www.acorde.cz\/stehovani-jde-jednoduse\/","datePublished":"2021-03-16","dateModified":"2023-05-06","mainEntityOfPage":"https:\/\/www.acorde.cz\/stehovani-jde-jednoduse\/","author":{"@type":"Person","@id":"https:\/\/www.acorde.cz\/author\/#Person","name":"","url":"https:\/\/www.acorde.cz\/author\/","identifier":1,"image":{"@type":"ImageObject","@id":"https:\/\/secure.gravatar.com\/avatar\/3c4e99fa9a9806cd5e8fd7cac6ca73ff5bbf5f3ee309e1745415eebd31482909?s=96&d=mm&r=g","url":"https:\/\/secure.gravatar.com\/avatar\/3c4e99fa9a9806cd5e8fd7cac6ca73ff5bbf5f3ee309e1745415eebd31482909?s=96&d=mm&r=g","height":96,"width":96}},"publisher":{"@type":"Organization","name":"acorde.cz","logo":{"@type":"ImageObject","@id":"\/logo.png","url":"\/logo.png","width":600,"height":60}},"image":{"@type":"ImageObject","@id":"https:\/\/www.acorde.cz\/wp-content\/uploads\/St%C4%9Bhov%C3%A1n%C3%AD%20(11).jpg","url":"https:\/\/www.acorde.cz\/wp-content\/uploads\/St%C4%9Bhov%C3%A1n%C3%AD%20(11).jpg","height":0,"width":0},"keywords":null},{"@type":"Article","@id":"https:\/\/www.acorde.cz\/co-po-vas-bude-pozadovat-pujcovna-privesu\/","headline":"Co po v\u00e1s bude po\u017eadovat p\u016fj\u010dovna p\u0159\u00edv\u011bs\u016f","url":"https:\/\/www.acorde.cz\/co-po-vas-bude-pozadovat-pujcovna-privesu\/","datePublished":"2020-12-15","dateModified":"2023-09-20","mainEntityOfPage":"https:\/\/www.acorde.cz\/co-po-vas-bude-pozadovat-pujcovna-privesu\/","author":{"@type":"Person","@id":"https:\/\/www.acorde.cz\/author\/#Person","name":"","url":"https:\/\/www.acorde.cz\/author\/","identifier":1,"image":{"@type":"ImageObject","@id":"https:\/\/secure.gravatar.com\/avatar\/3c4e99fa9a9806cd5e8fd7cac6ca73ff5bbf5f3ee309e1745415eebd31482909?s=96&d=mm&r=g","url":"https:\/\/secure.gravatar.com\/avatar\/3c4e99fa9a9806cd5e8fd7cac6ca73ff5bbf5f3ee309e1745415eebd31482909?s=96&d=mm&r=g","height":96,"width":96}},"publisher":{"@type":"Organization","name":"acorde.cz","logo":{"@type":"ImageObject","@id":"\/logo.png","url":"\/logo.png","width":600,"height":60}},"image":{"@type":"ImageObject","@id":"https:\/\/www.acorde.cz\/wp-content\/uploads\/prives1_2.png","url":"https:\/\/www.acorde.cz\/wp-content\/uploads\/prives1_2.png","height":0,"width":0},"keywords":null},{"@type":"Article","@id":"https:\/\/www.acorde.cz\/k-cemu-jsou-dobre-seo-konzultace\/","headline":"K \u010demu jsou dobr\u00e9 SEO konzultace","url":"https:\/\/www.acorde.cz\/k-cemu-jsou-dobre-seo-konzultace\/","datePublished":"2020-11-30","dateModified":"2023-05-06","mainEntityOfPage":"https:\/\/www.acorde.cz\/k-cemu-jsou-dobre-seo-konzultace\/","author":{"@type":"Person","@id":"https:\/\/www.acorde.cz\/author\/#Person","name":"","url":"https:\/\/www.acorde.cz\/author\/","identifier":1,"image":{"@type":"ImageObject","@id":"https:\/\/secure.gravatar.com\/avatar\/3c4e99fa9a9806cd5e8fd7cac6ca73ff5bbf5f3ee309e1745415eebd31482909?s=96&d=mm&r=g","url":"https:\/\/secure.gravatar.com\/avatar\/3c4e99fa9a9806cd5e8fd7cac6ca73ff5bbf5f3ee309e1745415eebd31482909?s=96&d=mm&r=g","height":96,"width":96}},"publisher":{"@type":"Organization","name":"acorde.cz","logo":{"@type":"ImageObject","@id":"\/logo.png","url":"\/logo.png","width":600,"height":60}},"image":{"@type":"ImageObject","@id":"https:\/\/www.acorde.cz\/wp-content\/uploads\/burza2_10_10_10_10_1.jpg","url":"https:\/\/www.acorde.cz\/wp-content\/uploads\/burza2_10_10_10_10_1.jpg","height":0,"width":0},"keywords":null},{"@type":"Article","@id":"https:\/\/www.acorde.cz\/delikatni-kokosove-mleko\/","headline":"Delik\u00e1tn\u00ed kokosov\u00e9 ml\u00e9ko","url":"https:\/\/www.acorde.cz\/delikatni-kokosove-mleko\/","datePublished":"2020-02-20","dateModified":"2023-05-06","mainEntityOfPage":"https:\/\/www.acorde.cz\/delikatni-kokosove-mleko\/","author":{"@type":"Person","@id":"https:\/\/www.acorde.cz\/author\/#Person","name":"","url":"https:\/\/www.acorde.cz\/author\/","identifier":1,"image":{"@type":"ImageObject","@id":"https:\/\/secure.gravatar.com\/avatar\/3c4e99fa9a9806cd5e8fd7cac6ca73ff5bbf5f3ee309e1745415eebd31482909?s=96&d=mm&r=g","url":"https:\/\/secure.gravatar.com\/avatar\/3c4e99fa9a9806cd5e8fd7cac6ca73ff5bbf5f3ee309e1745415eebd31482909?s=96&d=mm&r=g","height":96,"width":96}},"publisher":{"@type":"Organization","name":"acorde.cz","logo":{"@type":"ImageObject","@id":"\/logo.png","url":"\/logo.png","width":600,"height":60}},"image":{"@type":"ImageObject","@id":"https:\/\/www.acorde.cz\/wp-content\/uploads\/img_a381836_w4225_t1593078725.jpg","url":"https:\/\/www.acorde.cz\/wp-content\/uploads\/img_a381836_w4225_t1593078725.jpg","height":0,"width":0},"keywords":null},{"@type":"Article","@id":"https:\/\/www.acorde.cz\/domaci-pekarna-ano-ci-ne\/","headline":"Dom\u00e1c\u00ed pek\u00e1rna ano \u010di ne","url":"https:\/\/www.acorde.cz\/domaci-pekarna-ano-ci-ne\/","datePublished":"2018-12-25","dateModified":"2023-05-06","mainEntityOfPage":"https:\/\/www.acorde.cz\/domaci-pekarna-ano-ci-ne\/","author":{"@type":"Person","@id":"https:\/\/www.acorde.cz\/author\/#Person","name":"","url":"https:\/\/www.acorde.cz\/author\/","identifier":1,"image":{"@type":"ImageObject","@id":"https:\/\/secure.gravatar.com\/avatar\/3c4e99fa9a9806cd5e8fd7cac6ca73ff5bbf5f3ee309e1745415eebd31482909?s=96&d=mm&r=g","url":"https:\/\/secure.gravatar.com\/avatar\/3c4e99fa9a9806cd5e8fd7cac6ca73ff5bbf5f3ee309e1745415eebd31482909?s=96&d=mm&r=g","height":96,"width":96}},"publisher":{"@type":"Organization","name":"acorde.cz","logo":{"@type":"ImageObject","@id":"\/logo.png","url":"\/logo.png","width":600,"height":60}},"image":null,"keywords":null}]}