{"@context":"https:\/\/schema.org\/","@type":"CollectionPage","@id":"https:\/\/www.acorde.cz\/podnikani\/#CollectionPage","headline":"Podnik\u00e1n\u00ed Category","description":"","url":"https:\/\/www.acorde.cz\/podnikani\/","hasPart":[{"@type":"Article","@id":"https:\/\/www.acorde.cz\/nadherne-zeny\/","headline":"N\u00e1dhern\u00e9 \u017eeny","url":"https:\/\/www.acorde.cz\/nadherne-zeny\/","datePublished":"2024-12-14","dateModified":"2024-12-14","mainEntityOfPage":"https:\/\/www.acorde.cz\/nadherne-zeny\/","author":{"@type":"Person","@id":"https:\/\/www.acorde.cz\/author\/#Person","name":"","url":"https:\/\/www.acorde.cz\/author\/","identifier":1,"image":{"@type":"ImageObject","@id":"https:\/\/secure.gravatar.com\/avatar\/3c4e99fa9a9806cd5e8fd7cac6ca73ff5bbf5f3ee309e1745415eebd31482909?s=96&d=mm&r=g","url":"https:\/\/secure.gravatar.com\/avatar\/3c4e99fa9a9806cd5e8fd7cac6ca73ff5bbf5f3ee309e1745415eebd31482909?s=96&d=mm&r=g","height":96,"width":96}},"publisher":{"@type":"Organization","name":"acorde.cz","logo":{"@type":"ImageObject","@id":"\/logo.png","url":"\/logo.png","width":600,"height":60}},"image":{"@type":"ImageObject","@id":"https:\/\/www.acorde.cz\/wp-content\/uploads\/nah%C3%A1%20%C5%BEena_10_7.jpg","url":"https:\/\/www.acorde.cz\/wp-content\/uploads\/nah%C3%A1%20%C5%BEena_10_7.jpg","height":0,"width":0},"keywords":null},{"@type":"Article","@id":"https:\/\/www.acorde.cz\/sex-neni-vzdy-dokonaly\/","headline":"Sex nen\u00ed v\u017edy dokonal\u00fd","url":"https:\/\/www.acorde.cz\/sex-neni-vzdy-dokonaly\/","datePublished":"2024-03-23","dateModified":"2024-05-28","mainEntityOfPage":"https:\/\/www.acorde.cz\/sex-neni-vzdy-dokonaly\/","author":{"@type":"Person","@id":"https:\/\/www.acorde.cz\/author\/#Person","name":"","url":"https:\/\/www.acorde.cz\/author\/","identifier":1,"image":{"@type":"ImageObject","@id":"https:\/\/secure.gravatar.com\/avatar\/3c4e99fa9a9806cd5e8fd7cac6ca73ff5bbf5f3ee309e1745415eebd31482909?s=96&d=mm&r=g","url":"https:\/\/secure.gravatar.com\/avatar\/3c4e99fa9a9806cd5e8fd7cac6ca73ff5bbf5f3ee309e1745415eebd31482909?s=96&d=mm&r=g","height":96,"width":96}},"publisher":{"@type":"Organization","name":"acorde.cz","logo":{"@type":"ImageObject","@id":"\/logo.png","url":"\/logo.png","width":600,"height":60}},"image":{"@type":"ImageObject","@id":"https:\/\/www.acorde.cz\/wp-content\/uploads\/eeeeeeeeeeeeeeeeeeeeee_9.jpg","url":"https:\/\/www.acorde.cz\/wp-content\/uploads\/eeeeeeeeeeeeeeeeeeeeee_9.jpg","height":0,"width":0},"keywords":null},{"@type":"Article","@id":"https:\/\/www.acorde.cz\/obleknout-se-na-hory\/","headline":"Obl\u00e9knout se na hory","url":"https:\/\/www.acorde.cz\/obleknout-se-na-hory\/","datePublished":"2023-11-15","dateModified":"2024-05-20","mainEntityOfPage":"https:\/\/www.acorde.cz\/obleknout-se-na-hory\/","author":{"@type":"Person","@id":"https:\/\/www.acorde.cz\/author\/#Person","name":"","url":"https:\/\/www.acorde.cz\/author\/","identifier":1,"image":{"@type":"ImageObject","@id":"https:\/\/secure.gravatar.com\/avatar\/3c4e99fa9a9806cd5e8fd7cac6ca73ff5bbf5f3ee309e1745415eebd31482909?s=96&d=mm&r=g","url":"https:\/\/secure.gravatar.com\/avatar\/3c4e99fa9a9806cd5e8fd7cac6ca73ff5bbf5f3ee309e1745415eebd31482909?s=96&d=mm&r=g","height":96,"width":96}},"publisher":{"@type":"Organization","name":"acorde.cz","logo":{"@type":"ImageObject","@id":"\/logo.png","url":"\/logo.png","width":600,"height":60}},"image":{"@type":"ImageObject","@id":"https:\/\/www.acorde.cz\/wp-content\/uploads\/children-3167588_1280.jpg","url":"https:\/\/www.acorde.cz\/wp-content\/uploads\/children-3167588_1280.jpg","height":0,"width":0},"keywords":null},{"@type":"Article","@id":"https:\/\/www.acorde.cz\/podporte-sveho-pritele-v-sexu-i-on-potrebuje-pomoc\/","headline":"Podpo\u0159te sv\u00e9ho p\u0159\u00edtele v sexu, i on pot\u0159ebuje pomoc","url":"https:\/\/www.acorde.cz\/podporte-sveho-pritele-v-sexu-i-on-potrebuje-pomoc\/","datePublished":"2023-05-20","dateModified":"2023-07-21","mainEntityOfPage":"https:\/\/www.acorde.cz\/podporte-sveho-pritele-v-sexu-i-on-potrebuje-pomoc\/","author":{"@type":"Person","@id":"https:\/\/www.acorde.cz\/author\/#Person","name":"","url":"https:\/\/www.acorde.cz\/author\/","identifier":1,"image":{"@type":"ImageObject","@id":"https:\/\/secure.gravatar.com\/avatar\/3c4e99fa9a9806cd5e8fd7cac6ca73ff5bbf5f3ee309e1745415eebd31482909?s=96&d=mm&r=g","url":"https:\/\/secure.gravatar.com\/avatar\/3c4e99fa9a9806cd5e8fd7cac6ca73ff5bbf5f3ee309e1745415eebd31482909?s=96&d=mm&r=g","height":96,"width":96}},"publisher":{"@type":"Organization","name":"acorde.cz","logo":{"@type":"ImageObject","@id":"\/logo.png","url":"\/logo.png","width":600,"height":60}},"image":{"@type":"ImageObject","@id":"https:\/\/www.acorde.cz\/wp-content\/uploads\/beauty-2734826_640.jpg","url":"https:\/\/www.acorde.cz\/wp-content\/uploads\/beauty-2734826_640.jpg","height":0,"width":0},"keywords":null},{"@type":"Article","@id":"https:\/\/www.acorde.cz\/podnikani-vs-prace\/","headline":"Podnik\u00e1n\u00ed vs. Pr\u00e1ce","url":"https:\/\/www.acorde.cz\/podnikani-vs-prace\/","datePublished":"2023-05-06","dateModified":"2023-05-06","mainEntityOfPage":"https:\/\/www.acorde.cz\/podnikani-vs-prace\/","author":{"@type":"Person","@id":"https:\/\/www.acorde.cz\/author\/#Person","name":"","url":"https:\/\/www.acorde.cz\/author\/","identifier":1,"image":{"@type":"ImageObject","@id":"https:\/\/secure.gravatar.com\/avatar\/3c4e99fa9a9806cd5e8fd7cac6ca73ff5bbf5f3ee309e1745415eebd31482909?s=96&d=mm&r=g","url":"https:\/\/secure.gravatar.com\/avatar\/3c4e99fa9a9806cd5e8fd7cac6ca73ff5bbf5f3ee309e1745415eebd31482909?s=96&d=mm&r=g","height":96,"width":96}},"publisher":{"@type":"Organization","name":"acorde.cz","logo":{"@type":"ImageObject","@id":"\/logo.png","url":"\/logo.png","width":600,"height":60}},"image":{"@type":"ImageObject","@id":"https:\/\/www.acorde.cz\/wp-content\/uploads\/img_a332311_w2688_t1545159612.jpg","url":"https:\/\/www.acorde.cz\/wp-content\/uploads\/img_a332311_w2688_t1545159612.jpg","height":0,"width":0},"keywords":null},{"@type":"Article","@id":"https:\/\/www.acorde.cz\/instalater-zasahuje-i-v-sestem-prazskem-obvodu\/","headline":"Instalat\u00e9r zasahuje i v \u0161est\u00e9m pra\u017esk\u00e9m obvodu","url":"https:\/\/www.acorde.cz\/instalater-zasahuje-i-v-sestem-prazskem-obvodu\/","datePublished":"2023-01-22","dateModified":"2023-05-06","mainEntityOfPage":"https:\/\/www.acorde.cz\/instalater-zasahuje-i-v-sestem-prazskem-obvodu\/","author":{"@type":"Person","@id":"https:\/\/www.acorde.cz\/author\/#Person","name":"","url":"https:\/\/www.acorde.cz\/author\/","identifier":1,"image":{"@type":"ImageObject","@id":"https:\/\/secure.gravatar.com\/avatar\/3c4e99fa9a9806cd5e8fd7cac6ca73ff5bbf5f3ee309e1745415eebd31482909?s=96&d=mm&r=g","url":"https:\/\/secure.gravatar.com\/avatar\/3c4e99fa9a9806cd5e8fd7cac6ca73ff5bbf5f3ee309e1745415eebd31482909?s=96&d=mm&r=g","height":96,"width":96}},"publisher":{"@type":"Organization","name":"acorde.cz","logo":{"@type":"ImageObject","@id":"\/logo.png","url":"\/logo.png","width":600,"height":60}},"image":{"@type":"ImageObject","@id":"https:\/\/www.acorde.cz\/wp-content\/uploads\/plumber-gf0ddf0e0d_640.jpg","url":"https:\/\/www.acorde.cz\/wp-content\/uploads\/plumber-gf0ddf0e0d_640.jpg","height":0,"width":0},"keywords":null},{"@type":"Article","@id":"https:\/\/www.acorde.cz\/vase-firma\/","headline":"Va\u0161e firma","url":"https:\/\/www.acorde.cz\/vase-firma\/","datePublished":"2022-12-27","dateModified":"2023-05-06","mainEntityOfPage":"https:\/\/www.acorde.cz\/vase-firma\/","author":{"@type":"Person","@id":"https:\/\/www.acorde.cz\/author\/#Person","name":"","url":"https:\/\/www.acorde.cz\/author\/","identifier":1,"image":{"@type":"ImageObject","@id":"https:\/\/secure.gravatar.com\/avatar\/3c4e99fa9a9806cd5e8fd7cac6ca73ff5bbf5f3ee309e1745415eebd31482909?s=96&d=mm&r=g","url":"https:\/\/secure.gravatar.com\/avatar\/3c4e99fa9a9806cd5e8fd7cac6ca73ff5bbf5f3ee309e1745415eebd31482909?s=96&d=mm&r=g","height":96,"width":96}},"publisher":{"@type":"Organization","name":"acorde.cz","logo":{"@type":"ImageObject","@id":"\/logo.png","url":"\/logo.png","width":600,"height":60}},"image":{"@type":"ImageObject","@id":"https:\/\/www.acorde.cz\/wp-content\/uploads\/europe-34323_960_720_1.png","url":"https:\/\/www.acorde.cz\/wp-content\/uploads\/europe-34323_960_720_1.png","height":0,"width":0},"keywords":null},{"@type":"Article","@id":"https:\/\/www.acorde.cz\/tento-zubni-lekar-vas-prijme-nevahejte-dokud-jsou-volna-mista\/","headline":"Tento zubn\u00ed l\u00e9ka\u0159 V\u00e1s p\u0159ijme &#8211; nev\u00e1hejte dokud jsou voln\u00e1 m\u00edsta!","url":"https:\/\/www.acorde.cz\/tento-zubni-lekar-vas-prijme-nevahejte-dokud-jsou-volna-mista\/","datePublished":"2022-05-23","dateModified":"2023-05-06","mainEntityOfPage":"https:\/\/www.acorde.cz\/tento-zubni-lekar-vas-prijme-nevahejte-dokud-jsou-volna-mista\/","author":{"@type":"Person","@id":"https:\/\/www.acorde.cz\/author\/#Person","name":"","url":"https:\/\/www.acorde.cz\/author\/","identifier":1,"image":{"@type":"ImageObject","@id":"https:\/\/secure.gravatar.com\/avatar\/3c4e99fa9a9806cd5e8fd7cac6ca73ff5bbf5f3ee309e1745415eebd31482909?s=96&d=mm&r=g","url":"https:\/\/secure.gravatar.com\/avatar\/3c4e99fa9a9806cd5e8fd7cac6ca73ff5bbf5f3ee309e1745415eebd31482909?s=96&d=mm&r=g","height":96,"width":96}},"publisher":{"@type":"Organization","name":"acorde.cz","logo":{"@type":"ImageObject","@id":"\/logo.png","url":"\/logo.png","width":600,"height":60}},"image":{"@type":"ImageObject","@id":"https:\/\/www.acorde.cz\/wp-content\/uploads\/pexels-robert-golebiewski-3663999.jpg","url":"https:\/\/www.acorde.cz\/wp-content\/uploads\/pexels-robert-golebiewski-3663999.jpg","height":0,"width":0},"keywords":null},{"@type":"Article","@id":"https:\/\/www.acorde.cz\/jak-spravne-vybrat-sidlo-firmy\/","headline":"Jak spr\u00e1vn\u011b vybrat s\u00eddlo firmy","url":"https:\/\/www.acorde.cz\/jak-spravne-vybrat-sidlo-firmy\/","datePublished":"2022-05-14","dateModified":"2023-05-06","mainEntityOfPage":"https:\/\/www.acorde.cz\/jak-spravne-vybrat-sidlo-firmy\/","author":{"@type":"Person","@id":"https:\/\/www.acorde.cz\/author\/#Person","name":"","url":"https:\/\/www.acorde.cz\/author\/","identifier":1,"image":{"@type":"ImageObject","@id":"https:\/\/secure.gravatar.com\/avatar\/3c4e99fa9a9806cd5e8fd7cac6ca73ff5bbf5f3ee309e1745415eebd31482909?s=96&d=mm&r=g","url":"https:\/\/secure.gravatar.com\/avatar\/3c4e99fa9a9806cd5e8fd7cac6ca73ff5bbf5f3ee309e1745415eebd31482909?s=96&d=mm&r=g","height":96,"width":96}},"publisher":{"@type":"Organization","name":"acorde.cz","logo":{"@type":"ImageObject","@id":"\/logo.png","url":"\/logo.png","width":600,"height":60}},"image":{"@type":"ImageObject","@id":"https:\/\/www.acorde.cz\/wp-content\/uploads\/sidlofirmy4_1.jpg","url":"https:\/\/www.acorde.cz\/wp-content\/uploads\/sidlofirmy4_1.jpg","height":0,"width":0},"keywords":null},{"@type":"Article","@id":"https:\/\/www.acorde.cz\/co-vse-se-bere-v-uvahu-pri-oceneni-auta-pri-jeho-prodeji\/","headline":"Co v\u0161e se bere v \u00favahu p\u0159i ocen\u011bn\u00ed auta p\u0159i jeho prodeji","url":"https:\/\/www.acorde.cz\/co-vse-se-bere-v-uvahu-pri-oceneni-auta-pri-jeho-prodeji\/","datePublished":"2022-01-14","dateModified":"2023-05-06","mainEntityOfPage":"https:\/\/www.acorde.cz\/co-vse-se-bere-v-uvahu-pri-oceneni-auta-pri-jeho-prodeji\/","author":{"@type":"Person","@id":"https:\/\/www.acorde.cz\/author\/#Person","name":"","url":"https:\/\/www.acorde.cz\/author\/","identifier":1,"image":{"@type":"ImageObject","@id":"https:\/\/secure.gravatar.com\/avatar\/3c4e99fa9a9806cd5e8fd7cac6ca73ff5bbf5f3ee309e1745415eebd31482909?s=96&d=mm&r=g","url":"https:\/\/secure.gravatar.com\/avatar\/3c4e99fa9a9806cd5e8fd7cac6ca73ff5bbf5f3ee309e1745415eebd31482909?s=96&d=mm&r=g","height":96,"width":96}},"publisher":{"@type":"Organization","name":"acorde.cz","logo":{"@type":"ImageObject","@id":"\/logo.png","url":"\/logo.png","width":600,"height":60}},"image":{"@type":"ImageObject","@id":"https:\/\/www.acorde.cz\/wp-content\/uploads\/auto2_10_10_3.jpg","url":"https:\/\/www.acorde.cz\/wp-content\/uploads\/auto2_10_10_3.jpg","height":0,"width":0},"keywords":null}]}