[{"@context":"https:\/\/schema.org\/","@type":"Blog","@id":"https:\/\/www.acorde.cz#Blog","headline":"Acorde","description":"\nNa na\u0161em webu si cen\u00edme \u010dist\u00e9 pravdy nade v\u0161e. A raz\u00edme ji tu, i kdyby n\u00e1m to snad n\u011bkdy nebylo ku prosp\u011bchu. T\u0159eba to dok\u00e1\u017eete n\u00e1le\u017eit\u011b ocenit.","url":"https:\/\/www.acorde.cz","hasPart":[{"@type":"Article","@id":"https:\/\/www.acorde.cz\/vysaunujete-se-do-zdravi\/","headline":"Vysaunujete se do zdrav\u00ed","url":"https:\/\/www.acorde.cz\/vysaunujete-se-do-zdravi\/","datePublished":"2023-05-06","dateModified":"2023-05-06","mainEntityOfPage":"https:\/\/www.acorde.cz\/vysaunujete-se-do-zdravi\/","author":{"@type":"Person","@id":"https:\/\/www.acorde.cz\/author\/#Person","name":"","url":"https:\/\/www.acorde.cz\/author\/","identifier":1,"image":{"@type":"ImageObject","@id":"https:\/\/secure.gravatar.com\/avatar\/3c4e99fa9a9806cd5e8fd7cac6ca73ff5bbf5f3ee309e1745415eebd31482909?s=96&d=mm&r=g","url":"https:\/\/secure.gravatar.com\/avatar\/3c4e99fa9a9806cd5e8fd7cac6ca73ff5bbf5f3ee309e1745415eebd31482909?s=96&d=mm&r=g","height":96,"width":96}},"publisher":{"@type":"Organization","name":"acorde.cz","logo":{"@type":"ImageObject","@id":"\/logo.png","url":"\/logo.png","width":600,"height":60}},"image":{"@type":"ImageObject","@id":"https:\/\/www.acorde.cz\/wp-content\/uploads\/img_a329145_w2688_t1541451032.jpg","url":"https:\/\/www.acorde.cz\/wp-content\/uploads\/img_a329145_w2688_t1541451032.jpg","height":0,"width":0},"wordCount":512,"keywords":null},{"@type":"Article","@id":"https:\/\/www.acorde.cz\/jak-v-dnesni-dobe-usetrit\/","headline":"Jak v dne\u0161n\u00ed dob\u011b u\u0161et\u0159it?","url":"https:\/\/www.acorde.cz\/jak-v-dnesni-dobe-usetrit\/","datePublished":"2023-05-06","dateModified":"2023-05-06","mainEntityOfPage":"https:\/\/www.acorde.cz\/jak-v-dnesni-dobe-usetrit\/","author":{"@type":"Person","@id":"https:\/\/www.acorde.cz\/author\/#Person","name":"","url":"https:\/\/www.acorde.cz\/author\/","identifier":1,"image":{"@type":"ImageObject","@id":"https:\/\/secure.gravatar.com\/avatar\/3c4e99fa9a9806cd5e8fd7cac6ca73ff5bbf5f3ee309e1745415eebd31482909?s=96&d=mm&r=g","url":"https:\/\/secure.gravatar.com\/avatar\/3c4e99fa9a9806cd5e8fd7cac6ca73ff5bbf5f3ee309e1745415eebd31482909?s=96&d=mm&r=g","height":96,"width":96}},"publisher":{"@type":"Organization","name":"acorde.cz","logo":{"@type":"ImageObject","@id":"\/logo.png","url":"\/logo.png","width":600,"height":60}},"image":{"@type":"ImageObject","@id":"https:\/\/www.acorde.cz\/wp-content\/uploads\/img_a321643_w1988_t1532879271.jpg","url":"https:\/\/www.acorde.cz\/wp-content\/uploads\/img_a321643_w1988_t1532879271.jpg","height":0,"width":0},"wordCount":482,"keywords":null},{"@type":"Article","@id":"https:\/\/www.acorde.cz\/jak-na-levne-cestovani\/","headline":"Jak na levn\u00e9 cestov\u00e1n\u00ed","url":"https:\/\/www.acorde.cz\/jak-na-levne-cestovani\/","datePublished":"2023-05-06","dateModified":"2023-05-06","mainEntityOfPage":"https:\/\/www.acorde.cz\/jak-na-levne-cestovani\/","author":{"@type":"Person","@id":"https:\/\/www.acorde.cz\/author\/#Person","name":"","url":"https:\/\/www.acorde.cz\/author\/","identifier":1,"image":{"@type":"ImageObject","@id":"https:\/\/secure.gravatar.com\/avatar\/3c4e99fa9a9806cd5e8fd7cac6ca73ff5bbf5f3ee309e1745415eebd31482909?s=96&d=mm&r=g","url":"https:\/\/secure.gravatar.com\/avatar\/3c4e99fa9a9806cd5e8fd7cac6ca73ff5bbf5f3ee309e1745415eebd31482909?s=96&d=mm&r=g","height":96,"width":96}},"publisher":{"@type":"Organization","name":"acorde.cz","logo":{"@type":"ImageObject","@id":"\/logo.png","url":"\/logo.png","width":600,"height":60}},"image":{"@type":"ImageObject","@id":"https:\/\/www.acorde.cz\/wp-content\/uploads\/img_a320255_w2165_t1531505804.jpg","url":"https:\/\/www.acorde.cz\/wp-content\/uploads\/img_a320255_w2165_t1531505804.jpg","height":0,"width":0},"wordCount":623,"keywords":null},{"@type":"Article","@id":"https:\/\/www.acorde.cz\/podvody-na-internetu\/","headline":"Podvody na internetu","url":"https:\/\/www.acorde.cz\/podvody-na-internetu\/","datePublished":"2023-05-06","dateModified":"2023-05-06","mainEntityOfPage":"https:\/\/www.acorde.cz\/podvody-na-internetu\/","author":{"@type":"Person","@id":"https:\/\/www.acorde.cz\/author\/#Person","name":"","url":"https:\/\/www.acorde.cz\/author\/","identifier":1,"image":{"@type":"ImageObject","@id":"https:\/\/secure.gravatar.com\/avatar\/3c4e99fa9a9806cd5e8fd7cac6ca73ff5bbf5f3ee309e1745415eebd31482909?s=96&d=mm&r=g","url":"https:\/\/secure.gravatar.com\/avatar\/3c4e99fa9a9806cd5e8fd7cac6ca73ff5bbf5f3ee309e1745415eebd31482909?s=96&d=mm&r=g","height":96,"width":96}},"publisher":{"@type":"Organization","name":"acorde.cz","logo":{"@type":"ImageObject","@id":"\/logo.png","url":"\/logo.png","width":600,"height":60}},"image":{"@type":"ImageObject","@id":"https:\/\/www.acorde.cz\/wp-content\/uploads\/img_a295250_w2254_t1506765459.jpg","url":"https:\/\/www.acorde.cz\/wp-content\/uploads\/img_a295250_w2254_t1506765459.jpg","height":0,"width":0},"wordCount":474,"keywords":null},{"@type":"Article","@id":"https:\/\/www.acorde.cz\/doprat-si-radost-je-tak-jednoduche\/","headline":"Dop\u0159\u00e1t si radost je tak jednoduch\u00e9!","url":"https:\/\/www.acorde.cz\/doprat-si-radost-je-tak-jednoduche\/","datePublished":"2023-03-30","dateModified":"2024-04-03","mainEntityOfPage":"https:\/\/www.acorde.cz\/doprat-si-radost-je-tak-jednoduche\/","author":{"@type":"Person","@id":"https:\/\/www.acorde.cz\/author\/#Person","name":"","url":"https:\/\/www.acorde.cz\/author\/","identifier":1,"image":{"@type":"ImageObject","@id":"https:\/\/secure.gravatar.com\/avatar\/3c4e99fa9a9806cd5e8fd7cac6ca73ff5bbf5f3ee309e1745415eebd31482909?s=96&d=mm&r=g","url":"https:\/\/secure.gravatar.com\/avatar\/3c4e99fa9a9806cd5e8fd7cac6ca73ff5bbf5f3ee309e1745415eebd31482909?s=96&d=mm&r=g","height":96,"width":96}},"publisher":{"@type":"Organization","name":"acorde.cz","logo":{"@type":"ImageObject","@id":"\/logo.png","url":"\/logo.png","width":600,"height":60}},"image":null,"wordCount":506,"keywords":null},{"@type":"Article","@id":"https:\/\/www.acorde.cz\/vyborna-pece-o-bazen\/","headline":"V\u00fdborn\u00e1 p\u00e9\u010de o baz\u00e9n","url":"https:\/\/www.acorde.cz\/vyborna-pece-o-bazen\/","datePublished":"2023-02-23","dateModified":"2024-02-27","mainEntityOfPage":"https:\/\/www.acorde.cz\/vyborna-pece-o-bazen\/","author":{"@type":"Person","@id":"https:\/\/www.acorde.cz\/author\/#Person","name":"","url":"https:\/\/www.acorde.cz\/author\/","identifier":1,"image":{"@type":"ImageObject","@id":"https:\/\/secure.gravatar.com\/avatar\/3c4e99fa9a9806cd5e8fd7cac6ca73ff5bbf5f3ee309e1745415eebd31482909?s=96&d=mm&r=g","url":"https:\/\/secure.gravatar.com\/avatar\/3c4e99fa9a9806cd5e8fd7cac6ca73ff5bbf5f3ee309e1745415eebd31482909?s=96&d=mm&r=g","height":96,"width":96}},"publisher":{"@type":"Organization","name":"acorde.cz","logo":{"@type":"ImageObject","@id":"\/logo.png","url":"\/logo.png","width":600,"height":60}},"image":null,"wordCount":455,"keywords":null},{"@type":"Article","@id":"https:\/\/www.acorde.cz\/vylepsete-si-svuj-vuz-podle-posledni-mody\/","headline":"Vylep\u0161ete si sv\u016fj v\u016fz podle posledn\u00ed m\u00f3dy","url":"https:\/\/www.acorde.cz\/vylepsete-si-svuj-vuz-podle-posledni-mody\/","datePublished":"2023-01-23","dateModified":"2024-02-01","mainEntityOfPage":"https:\/\/www.acorde.cz\/vylepsete-si-svuj-vuz-podle-posledni-mody\/","author":{"@type":"Person","@id":"https:\/\/www.acorde.cz\/author\/#Person","name":"","url":"https:\/\/www.acorde.cz\/author\/","identifier":1,"image":{"@type":"ImageObject","@id":"https:\/\/secure.gravatar.com\/avatar\/3c4e99fa9a9806cd5e8fd7cac6ca73ff5bbf5f3ee309e1745415eebd31482909?s=96&d=mm&r=g","url":"https:\/\/secure.gravatar.com\/avatar\/3c4e99fa9a9806cd5e8fd7cac6ca73ff5bbf5f3ee309e1745415eebd31482909?s=96&d=mm&r=g","height":96,"width":96}},"publisher":{"@type":"Organization","name":"acorde.cz","logo":{"@type":"ImageObject","@id":"\/logo.png","url":"\/logo.png","width":600,"height":60}},"image":null,"wordCount":469,"keywords":null},{"@type":"Article","@id":"https:\/\/www.acorde.cz\/instalater-zasahuje-i-v-sestem-prazskem-obvodu\/","headline":"Instalat\u00e9r zasahuje i v \u0161est\u00e9m pra\u017esk\u00e9m obvodu","url":"https:\/\/www.acorde.cz\/instalater-zasahuje-i-v-sestem-prazskem-obvodu\/","datePublished":"2023-01-22","dateModified":"2023-05-06","mainEntityOfPage":"https:\/\/www.acorde.cz\/instalater-zasahuje-i-v-sestem-prazskem-obvodu\/","author":{"@type":"Person","@id":"https:\/\/www.acorde.cz\/author\/#Person","name":"","url":"https:\/\/www.acorde.cz\/author\/","identifier":1,"image":{"@type":"ImageObject","@id":"https:\/\/secure.gravatar.com\/avatar\/3c4e99fa9a9806cd5e8fd7cac6ca73ff5bbf5f3ee309e1745415eebd31482909?s=96&d=mm&r=g","url":"https:\/\/secure.gravatar.com\/avatar\/3c4e99fa9a9806cd5e8fd7cac6ca73ff5bbf5f3ee309e1745415eebd31482909?s=96&d=mm&r=g","height":96,"width":96}},"publisher":{"@type":"Organization","name":"acorde.cz","logo":{"@type":"ImageObject","@id":"\/logo.png","url":"\/logo.png","width":600,"height":60}},"image":{"@type":"ImageObject","@id":"https:\/\/www.acorde.cz\/wp-content\/uploads\/plumber-gf0ddf0e0d_640.jpg","url":"https:\/\/www.acorde.cz\/wp-content\/uploads\/plumber-gf0ddf0e0d_640.jpg","height":0,"width":0},"wordCount":687,"keywords":null},{"@type":"Article","@id":"https:\/\/www.acorde.cz\/moderni-bydleni-od-zakladu-po-strechu\/","headline":"Modern\u00ed bydlen\u00ed od z\u00e1klad\u016f po st\u0159echu","url":"https:\/\/www.acorde.cz\/moderni-bydleni-od-zakladu-po-strechu\/","datePublished":"2023-01-10","dateModified":"2023-05-06","mainEntityOfPage":"https:\/\/www.acorde.cz\/moderni-bydleni-od-zakladu-po-strechu\/","author":{"@type":"Person","@id":"https:\/\/www.acorde.cz\/author\/#Person","name":"","url":"https:\/\/www.acorde.cz\/author\/","identifier":1,"image":{"@type":"ImageObject","@id":"https:\/\/secure.gravatar.com\/avatar\/3c4e99fa9a9806cd5e8fd7cac6ca73ff5bbf5f3ee309e1745415eebd31482909?s=96&d=mm&r=g","url":"https:\/\/secure.gravatar.com\/avatar\/3c4e99fa9a9806cd5e8fd7cac6ca73ff5bbf5f3ee309e1745415eebd31482909?s=96&d=mm&r=g","height":96,"width":96}},"publisher":{"@type":"Organization","name":"acorde.cz","logo":{"@type":"ImageObject","@id":"\/logo.png","url":"\/logo.png","width":600,"height":60}},"image":{"@type":"ImageObject","@id":"https:\/\/www.acorde.cz\/wp-content\/uploads\/pexels-pavel-danilyuk-7937356_1.jpg","url":"https:\/\/www.acorde.cz\/wp-content\/uploads\/pexels-pavel-danilyuk-7937356_1.jpg","height":0,"width":0},"wordCount":632,"keywords":null},{"@type":"Article","@id":"https:\/\/www.acorde.cz\/vase-firma\/","headline":"Va\u0161e firma","url":"https:\/\/www.acorde.cz\/vase-firma\/","datePublished":"2022-12-27","dateModified":"2023-05-06","mainEntityOfPage":"https:\/\/www.acorde.cz\/vase-firma\/","author":{"@type":"Person","@id":"https:\/\/www.acorde.cz\/author\/#Person","name":"","url":"https:\/\/www.acorde.cz\/author\/","identifier":1,"image":{"@type":"ImageObject","@id":"https:\/\/secure.gravatar.com\/avatar\/3c4e99fa9a9806cd5e8fd7cac6ca73ff5bbf5f3ee309e1745415eebd31482909?s=96&d=mm&r=g","url":"https:\/\/secure.gravatar.com\/avatar\/3c4e99fa9a9806cd5e8fd7cac6ca73ff5bbf5f3ee309e1745415eebd31482909?s=96&d=mm&r=g","height":96,"width":96}},"publisher":{"@type":"Organization","name":"acorde.cz","logo":{"@type":"ImageObject","@id":"\/logo.png","url":"\/logo.png","width":600,"height":60}},"image":{"@type":"ImageObject","@id":"https:\/\/www.acorde.cz\/wp-content\/uploads\/europe-34323_960_720_1.png","url":"https:\/\/www.acorde.cz\/wp-content\/uploads\/europe-34323_960_720_1.png","height":0,"width":0},"wordCount":545,"keywords":null}]},{"@context":"https:\/\/schema.org","@type":"WebSite","@id":"https:\/\/www.acorde.cz\/#website","name":"Acorde","url":"https:\/\/www.acorde.cz","potentialAction":{"@type":"SearchAction","target":"https:\/\/www.acorde.cz\/?s={search_term_string}","query-input":"required name=search_term_string"}}]