[{"@context":"https:\/\/schema.org\/","@type":"Blog","@id":"https:\/\/www.acorde.cz#Blog","headline":"Acorde","description":"\nNa na\u0161em webu si cen\u00edme \u010dist\u00e9 pravdy nade v\u0161e. A raz\u00edme ji tu, i kdyby n\u00e1m to snad n\u011bkdy nebylo ku prosp\u011bchu. T\u0159eba to dok\u00e1\u017eete n\u00e1le\u017eit\u011b ocenit.","url":"https:\/\/www.acorde.cz","hasPart":[{"@type":"Article","@id":"https:\/\/www.acorde.cz\/nejpohodlnejsi-spodni-pradlo-cely-den-jako-v-bavlnce\/","headline":"Nejpohodln\u011bj\u0161\u00ed spodn\u00ed pr\u00e1dlo \u2013 cel\u00fd den jako v bavlnce","url":"https:\/\/www.acorde.cz\/nejpohodlnejsi-spodni-pradlo-cely-den-jako-v-bavlnce\/","datePublished":"2019-03-22","dateModified":"2019-03-22","mainEntityOfPage":"https:\/\/www.acorde.cz\/nejpohodlnejsi-spodni-pradlo-cely-den-jako-v-bavlnce\/","author":{"@type":"Person","@id":"https:\/\/www.acorde.cz\/author\/#Person","name":"","url":"https:\/\/www.acorde.cz\/author\/","identifier":1,"image":{"@type":"ImageObject","@id":"https:\/\/secure.gravatar.com\/avatar\/3c4e99fa9a9806cd5e8fd7cac6ca73ff5bbf5f3ee309e1745415eebd31482909?s=96&d=mm&r=g","url":"https:\/\/secure.gravatar.com\/avatar\/3c4e99fa9a9806cd5e8fd7cac6ca73ff5bbf5f3ee309e1745415eebd31482909?s=96&d=mm&r=g","height":96,"width":96}},"publisher":{"@type":"Organization","name":"acorde.cz","logo":{"@type":"ImageObject","@id":"\/logo.png","url":"\/logo.png","width":600,"height":60}},"image":{"@type":"ImageObject","@id":"https:\/\/www.acorde.cz\/wp-content\/uploads\/img_a344689_w2489_t1558519782.png","url":"https:\/\/www.acorde.cz\/wp-content\/uploads\/img_a344689_w2489_t1558519782.png","height":0,"width":0},"wordCount":4539,"keywords":null},{"@type":"Article","@id":"https:\/\/www.acorde.cz\/domovy-pro-osoby-se-zdravotnim-postizenim\/","headline":"Domovy pro osoby se zdravotn\u00edm posti\u017een\u00edm","url":"https:\/\/www.acorde.cz\/domovy-pro-osoby-se-zdravotnim-postizenim\/","datePublished":"2019-03-07","dateModified":"2023-05-06","mainEntityOfPage":"https:\/\/www.acorde.cz\/domovy-pro-osoby-se-zdravotnim-postizenim\/","author":{"@type":"Person","@id":"https:\/\/www.acorde.cz\/author\/#Person","name":"","url":"https:\/\/www.acorde.cz\/author\/","identifier":1,"image":{"@type":"ImageObject","@id":"https:\/\/secure.gravatar.com\/avatar\/3c4e99fa9a9806cd5e8fd7cac6ca73ff5bbf5f3ee309e1745415eebd31482909?s=96&d=mm&r=g","url":"https:\/\/secure.gravatar.com\/avatar\/3c4e99fa9a9806cd5e8fd7cac6ca73ff5bbf5f3ee309e1745415eebd31482909?s=96&d=mm&r=g","height":96,"width":96}},"publisher":{"@type":"Organization","name":"acorde.cz","logo":{"@type":"ImageObject","@id":"\/logo.png","url":"\/logo.png","width":600,"height":60}},"image":{"@type":"ImageObject","@id":"https:\/\/www.acorde.cz\/wp-content\/uploads\/img_a340085_w2688_t1553164516.jpg","url":"https:\/\/www.acorde.cz\/wp-content\/uploads\/img_a340085_w2688_t1553164516.jpg","height":0,"width":0},"wordCount":461,"keywords":null},{"@type":"Article","@id":"https:\/\/www.acorde.cz\/vybaveni-z-palet\/","headline":"Vybaven\u00ed z palet","url":"https:\/\/www.acorde.cz\/vybaveni-z-palet\/","datePublished":"2019-02-11","dateModified":"2023-05-06","mainEntityOfPage":"https:\/\/www.acorde.cz\/vybaveni-z-palet\/","author":{"@type":"Person","@id":"https:\/\/www.acorde.cz\/author\/#Person","name":"","url":"https:\/\/www.acorde.cz\/author\/","identifier":1,"image":{"@type":"ImageObject","@id":"https:\/\/secure.gravatar.com\/avatar\/3c4e99fa9a9806cd5e8fd7cac6ca73ff5bbf5f3ee309e1745415eebd31482909?s=96&d=mm&r=g","url":"https:\/\/secure.gravatar.com\/avatar\/3c4e99fa9a9806cd5e8fd7cac6ca73ff5bbf5f3ee309e1745415eebd31482909?s=96&d=mm&r=g","height":96,"width":96}},"publisher":{"@type":"Organization","name":"acorde.cz","logo":{"@type":"ImageObject","@id":"\/logo.png","url":"\/logo.png","width":600,"height":60}},"image":{"@type":"ImageObject","@id":"https:\/\/www.acorde.cz\/wp-content\/uploads\/img_a338556_w2688_t1551198032.jpg","url":"https:\/\/www.acorde.cz\/wp-content\/uploads\/img_a338556_w2688_t1551198032.jpg","height":0,"width":0},"wordCount":492,"keywords":null},{"@type":"Article","@id":"https:\/\/www.acorde.cz\/do-plavek-pomalu-ale-jiste\/","headline":"Do plavek pomalu, ale jist\u011b","url":"https:\/\/www.acorde.cz\/do-plavek-pomalu-ale-jiste\/","datePublished":"2019-02-11","dateModified":"2023-05-06","mainEntityOfPage":"https:\/\/www.acorde.cz\/do-plavek-pomalu-ale-jiste\/","author":{"@type":"Person","@id":"https:\/\/www.acorde.cz\/author\/#Person","name":"","url":"https:\/\/www.acorde.cz\/author\/","identifier":1,"image":{"@type":"ImageObject","@id":"https:\/\/secure.gravatar.com\/avatar\/3c4e99fa9a9806cd5e8fd7cac6ca73ff5bbf5f3ee309e1745415eebd31482909?s=96&d=mm&r=g","url":"https:\/\/secure.gravatar.com\/avatar\/3c4e99fa9a9806cd5e8fd7cac6ca73ff5bbf5f3ee309e1745415eebd31482909?s=96&d=mm&r=g","height":96,"width":96}},"publisher":{"@type":"Organization","name":"acorde.cz","logo":{"@type":"ImageObject","@id":"\/logo.png","url":"\/logo.png","width":600,"height":60}},"image":{"@type":"ImageObject","@id":"https:\/\/www.acorde.cz\/wp-content\/uploads\/img_a337503_w2688_t1550594705.jpg","url":"https:\/\/www.acorde.cz\/wp-content\/uploads\/img_a337503_w2688_t1550594705.jpg","height":0,"width":0},"wordCount":478,"keywords":null},{"@type":"Article","@id":"https:\/\/www.acorde.cz\/zabava-na-party\/","headline":"Z\u00e1bava na party","url":"https:\/\/www.acorde.cz\/zabava-na-party\/","datePublished":"2019-02-03","dateModified":"2023-05-06","mainEntityOfPage":"https:\/\/www.acorde.cz\/zabava-na-party\/","author":{"@type":"Person","@id":"https:\/\/www.acorde.cz\/author\/#Person","name":"","url":"https:\/\/www.acorde.cz\/author\/","identifier":1,"image":{"@type":"ImageObject","@id":"https:\/\/secure.gravatar.com\/avatar\/3c4e99fa9a9806cd5e8fd7cac6ca73ff5bbf5f3ee309e1745415eebd31482909?s=96&d=mm&r=g","url":"https:\/\/secure.gravatar.com\/avatar\/3c4e99fa9a9806cd5e8fd7cac6ca73ff5bbf5f3ee309e1745415eebd31482909?s=96&d=mm&r=g","height":96,"width":96}},"publisher":{"@type":"Organization","name":"acorde.cz","logo":{"@type":"ImageObject","@id":"\/logo.png","url":"\/logo.png","width":600,"height":60}},"image":{"@type":"ImageObject","@id":"https:\/\/www.acorde.cz\/wp-content\/uploads\/img_a338241_w2400_t1551072800.jpg","url":"https:\/\/www.acorde.cz\/wp-content\/uploads\/img_a338241_w2400_t1551072800.jpg","height":0,"width":0},"wordCount":459,"keywords":null},{"@type":"Article","@id":"https:\/\/www.acorde.cz\/nebankovni-hypoteky-vyzaduji-ruceni-nemovitosti\/","headline":"Nebankovn\u00ed hypot\u00e9ky vy\u017eaduj\u00ed ru\u010den\u00ed nemovitost\u00ed","url":"https:\/\/www.acorde.cz\/nebankovni-hypoteky-vyzaduji-ruceni-nemovitosti\/","datePublished":"2019-01-25","dateModified":"2023-05-06","mainEntityOfPage":"https:\/\/www.acorde.cz\/nebankovni-hypoteky-vyzaduji-ruceni-nemovitosti\/","author":{"@type":"Person","@id":"https:\/\/www.acorde.cz\/author\/#Person","name":"","url":"https:\/\/www.acorde.cz\/author\/","identifier":1,"image":{"@type":"ImageObject","@id":"https:\/\/secure.gravatar.com\/avatar\/3c4e99fa9a9806cd5e8fd7cac6ca73ff5bbf5f3ee309e1745415eebd31482909?s=96&d=mm&r=g","url":"https:\/\/secure.gravatar.com\/avatar\/3c4e99fa9a9806cd5e8fd7cac6ca73ff5bbf5f3ee309e1745415eebd31482909?s=96&d=mm&r=g","height":96,"width":96}},"publisher":{"@type":"Organization","name":"acorde.cz","logo":{"@type":"ImageObject","@id":"\/logo.png","url":"\/logo.png","width":600,"height":60}},"image":{"@type":"ImageObject","@id":"https:\/\/www.acorde.cz\/wp-content\/uploads\/img_a337358_w1712_t1550559742.jpg","url":"https:\/\/www.acorde.cz\/wp-content\/uploads\/img_a337358_w1712_t1550559742.jpg","height":0,"width":0},"wordCount":516,"keywords":null},{"@type":"Article","@id":"https:\/\/www.acorde.cz\/naplanujte-detem-leto-uz-ted\/","headline":"Napl\u00e1nujte d\u011btem l\u00e9to u\u017e te\u010f","url":"https:\/\/www.acorde.cz\/naplanujte-detem-leto-uz-ted\/","datePublished":"2019-01-01","dateModified":"2023-05-06","mainEntityOfPage":"https:\/\/www.acorde.cz\/naplanujte-detem-leto-uz-ted\/","author":{"@type":"Person","@id":"https:\/\/www.acorde.cz\/author\/#Person","name":"","url":"https:\/\/www.acorde.cz\/author\/","identifier":1,"image":{"@type":"ImageObject","@id":"https:\/\/secure.gravatar.com\/avatar\/3c4e99fa9a9806cd5e8fd7cac6ca73ff5bbf5f3ee309e1745415eebd31482909?s=96&d=mm&r=g","url":"https:\/\/secure.gravatar.com\/avatar\/3c4e99fa9a9806cd5e8fd7cac6ca73ff5bbf5f3ee309e1745415eebd31482909?s=96&d=mm&r=g","height":96,"width":96}},"publisher":{"@type":"Organization","name":"acorde.cz","logo":{"@type":"ImageObject","@id":"\/logo.png","url":"\/logo.png","width":600,"height":60}},"image":{"@type":"ImageObject","@id":"https:\/\/www.acorde.cz\/wp-content\/uploads\/img_a335205_w2688_t1548607949.jpg","url":"https:\/\/www.acorde.cz\/wp-content\/uploads\/img_a335205_w2688_t1548607949.jpg","height":0,"width":0},"wordCount":4566,"keywords":null},{"@type":"Article","@id":"https:\/\/www.acorde.cz\/domaci-pekarna-ano-ci-ne\/","headline":"Dom\u00e1c\u00ed pek\u00e1rna ano \u010di ne","url":"https:\/\/www.acorde.cz\/domaci-pekarna-ano-ci-ne\/","datePublished":"2018-12-25","dateModified":"2023-05-06","mainEntityOfPage":"https:\/\/www.acorde.cz\/domaci-pekarna-ano-ci-ne\/","author":{"@type":"Person","@id":"https:\/\/www.acorde.cz\/author\/#Person","name":"","url":"https:\/\/www.acorde.cz\/author\/","identifier":1,"image":{"@type":"ImageObject","@id":"https:\/\/secure.gravatar.com\/avatar\/3c4e99fa9a9806cd5e8fd7cac6ca73ff5bbf5f3ee309e1745415eebd31482909?s=96&d=mm&r=g","url":"https:\/\/secure.gravatar.com\/avatar\/3c4e99fa9a9806cd5e8fd7cac6ca73ff5bbf5f3ee309e1745415eebd31482909?s=96&d=mm&r=g","height":96,"width":96}},"publisher":{"@type":"Organization","name":"acorde.cz","logo":{"@type":"ImageObject","@id":"\/logo.png","url":"\/logo.png","width":600,"height":60}},"image":null,"wordCount":466,"keywords":null},{"@type":"Article","@id":"https:\/\/www.acorde.cz\/domaci-zahradniceni-pro-kazdeho\/","headline":"Dom\u00e1c\u00ed zahradni\u010den\u00ed pro ka\u017ed\u00e9ho","url":"https:\/\/www.acorde.cz\/domaci-zahradniceni-pro-kazdeho\/","datePublished":"2018-12-07","dateModified":"2023-05-06","mainEntityOfPage":"https:\/\/www.acorde.cz\/domaci-zahradniceni-pro-kazdeho\/","author":{"@type":"Person","@id":"https:\/\/www.acorde.cz\/author\/#Person","name":"","url":"https:\/\/www.acorde.cz\/author\/","identifier":1,"image":{"@type":"ImageObject","@id":"https:\/\/secure.gravatar.com\/avatar\/3c4e99fa9a9806cd5e8fd7cac6ca73ff5bbf5f3ee309e1745415eebd31482909?s=96&d=mm&r=g","url":"https:\/\/secure.gravatar.com\/avatar\/3c4e99fa9a9806cd5e8fd7cac6ca73ff5bbf5f3ee309e1745415eebd31482909?s=96&d=mm&r=g","height":96,"width":96}},"publisher":{"@type":"Organization","name":"acorde.cz","logo":{"@type":"ImageObject","@id":"\/logo.png","url":"\/logo.png","width":600,"height":60}},"image":{"@type":"ImageObject","@id":"https:\/\/www.acorde.cz\/wp-content\/uploads\/img_a333731_w1693_t1547122939.jpg","url":"https:\/\/www.acorde.cz\/wp-content\/uploads\/img_a333731_w1693_t1547122939.jpg","height":0,"width":0},"wordCount":552,"keywords":null},{"@type":"Article","@id":"https:\/\/www.acorde.cz\/dokonale-pruzracna-bazenova-voda\/","headline":"Dokonale pr\u016fzra\u010dn\u00e1 baz\u00e9nov\u00e1 voda","url":"https:\/\/www.acorde.cz\/dokonale-pruzracna-bazenova-voda\/","datePublished":"2018-12-06","dateModified":"2023-05-06","mainEntityOfPage":"https:\/\/www.acorde.cz\/dokonale-pruzracna-bazenova-voda\/","author":{"@type":"Person","@id":"https:\/\/www.acorde.cz\/author\/#Person","name":"","url":"https:\/\/www.acorde.cz\/author\/","identifier":1,"image":{"@type":"ImageObject","@id":"https:\/\/secure.gravatar.com\/avatar\/3c4e99fa9a9806cd5e8fd7cac6ca73ff5bbf5f3ee309e1745415eebd31482909?s=96&d=mm&r=g","url":"https:\/\/secure.gravatar.com\/avatar\/3c4e99fa9a9806cd5e8fd7cac6ca73ff5bbf5f3ee309e1745415eebd31482909?s=96&d=mm&r=g","height":96,"width":96}},"publisher":{"@type":"Organization","name":"acorde.cz","logo":{"@type":"ImageObject","@id":"\/logo.png","url":"\/logo.png","width":600,"height":60}},"image":{"@type":"ImageObject","@id":"https:\/\/www.acorde.cz\/wp-content\/uploads\/img_a335387_w1714_t1548677383.jpg","url":"https:\/\/www.acorde.cz\/wp-content\/uploads\/img_a335387_w1714_t1548677383.jpg","height":0,"width":0},"wordCount":555,"keywords":null}]},{"@context":"https:\/\/schema.org","@type":"WebSite","@id":"https:\/\/www.acorde.cz\/#website","name":"Acorde","url":"https:\/\/www.acorde.cz","potentialAction":{"@type":"SearchAction","target":"https:\/\/www.acorde.cz\/?s={search_term_string}","query-input":"required name=search_term_string"}}]