[{"@context":"https:\/\/schema.org\/","@type":"Blog","@id":"https:\/\/www.acorde.cz#Blog","headline":"Acorde","description":"\nNa na\u0161em webu si cen\u00edme \u010dist\u00e9 pravdy nade v\u0161e. A raz\u00edme ji tu, i kdyby n\u00e1m to snad n\u011bkdy nebylo ku prosp\u011bchu. T\u0159eba to dok\u00e1\u017eete n\u00e1le\u017eit\u011b ocenit.","url":"https:\/\/www.acorde.cz","hasPart":[{"@type":"Article","@id":"https:\/\/www.acorde.cz\/delikatni-kokosove-mleko\/","headline":"Delik\u00e1tn\u00ed kokosov\u00e9 ml\u00e9ko","url":"https:\/\/www.acorde.cz\/delikatni-kokosove-mleko\/","datePublished":"2020-02-20","dateModified":"2023-05-06","mainEntityOfPage":"https:\/\/www.acorde.cz\/delikatni-kokosove-mleko\/","author":{"@type":"Person","@id":"https:\/\/www.acorde.cz\/author\/#Person","name":"","url":"https:\/\/www.acorde.cz\/author\/","identifier":1,"image":{"@type":"ImageObject","@id":"https:\/\/secure.gravatar.com\/avatar\/3c4e99fa9a9806cd5e8fd7cac6ca73ff5bbf5f3ee309e1745415eebd31482909?s=96&d=mm&r=g","url":"https:\/\/secure.gravatar.com\/avatar\/3c4e99fa9a9806cd5e8fd7cac6ca73ff5bbf5f3ee309e1745415eebd31482909?s=96&d=mm&r=g","height":96,"width":96}},"publisher":{"@type":"Organization","name":"acorde.cz","logo":{"@type":"ImageObject","@id":"\/logo.png","url":"\/logo.png","width":600,"height":60}},"image":{"@type":"ImageObject","@id":"https:\/\/www.acorde.cz\/wp-content\/uploads\/img_a381836_w4225_t1593078725.jpg","url":"https:\/\/www.acorde.cz\/wp-content\/uploads\/img_a381836_w4225_t1593078725.jpg","height":0,"width":0},"wordCount":535,"keywords":null},{"@type":"Article","@id":"https:\/\/www.acorde.cz\/jak-prijit-k-penezum\/","headline":"Jak p\u0159ij\u00edt k pen\u011bz\u016fm?","url":"https:\/\/www.acorde.cz\/jak-prijit-k-penezum\/","datePublished":"2019-11-04","dateModified":"2023-05-06","mainEntityOfPage":"https:\/\/www.acorde.cz\/jak-prijit-k-penezum\/","author":{"@type":"Person","@id":"https:\/\/www.acorde.cz\/author\/#Person","name":"","url":"https:\/\/www.acorde.cz\/author\/","identifier":1,"image":{"@type":"ImageObject","@id":"https:\/\/secure.gravatar.com\/avatar\/3c4e99fa9a9806cd5e8fd7cac6ca73ff5bbf5f3ee309e1745415eebd31482909?s=96&d=mm&r=g","url":"https:\/\/secure.gravatar.com\/avatar\/3c4e99fa9a9806cd5e8fd7cac6ca73ff5bbf5f3ee309e1745415eebd31482909?s=96&d=mm&r=g","height":96,"width":96}},"publisher":{"@type":"Organization","name":"acorde.cz","logo":{"@type":"ImageObject","@id":"\/logo.png","url":"\/logo.png","width":600,"height":60}},"image":{"@type":"ImageObject","@id":"https:\/\/www.acorde.cz\/wp-content\/uploads\/img_a369729_w1909_t1581788521.jpg","url":"https:\/\/www.acorde.cz\/wp-content\/uploads\/img_a369729_w1909_t1581788521.jpg","height":0,"width":0},"wordCount":565,"keywords":null},{"@type":"Article","@id":"https:\/\/www.acorde.cz\/nemenna-urokova-sazba\/","headline":"Nem\u011bnn\u00e1 \u00farokov\u00e1 sazba","url":"https:\/\/www.acorde.cz\/nemenna-urokova-sazba\/","datePublished":"2019-09-13","dateModified":"2023-05-06","mainEntityOfPage":"https:\/\/www.acorde.cz\/nemenna-urokova-sazba\/","author":{"@type":"Person","@id":"https:\/\/www.acorde.cz\/author\/#Person","name":"","url":"https:\/\/www.acorde.cz\/author\/","identifier":1,"image":{"@type":"ImageObject","@id":"https:\/\/secure.gravatar.com\/avatar\/3c4e99fa9a9806cd5e8fd7cac6ca73ff5bbf5f3ee309e1745415eebd31482909?s=96&d=mm&r=g","url":"https:\/\/secure.gravatar.com\/avatar\/3c4e99fa9a9806cd5e8fd7cac6ca73ff5bbf5f3ee309e1745415eebd31482909?s=96&d=mm&r=g","height":96,"width":96}},"publisher":{"@type":"Organization","name":"acorde.cz","logo":{"@type":"ImageObject","@id":"\/logo.png","url":"\/logo.png","width":600,"height":60}},"image":{"@type":"ImageObject","@id":"https:\/\/www.acorde.cz\/wp-content\/uploads\/img_a346368_w1690_t1560506614.jpg","url":"https:\/\/www.acorde.cz\/wp-content\/uploads\/img_a346368_w1690_t1560506614.jpg","height":0,"width":0},"wordCount":518,"keywords":null},{"@type":"Article","@id":"https:\/\/www.acorde.cz\/moderni-pece-o-zuby\/","headline":"Modern\u00ed p\u00e9\u010de o zuby","url":"https:\/\/www.acorde.cz\/moderni-pece-o-zuby\/","datePublished":"2019-09-11","dateModified":"2023-05-06","mainEntityOfPage":"https:\/\/www.acorde.cz\/moderni-pece-o-zuby\/","author":{"@type":"Person","@id":"https:\/\/www.acorde.cz\/author\/#Person","name":"","url":"https:\/\/www.acorde.cz\/author\/","identifier":1,"image":{"@type":"ImageObject","@id":"https:\/\/secure.gravatar.com\/avatar\/3c4e99fa9a9806cd5e8fd7cac6ca73ff5bbf5f3ee309e1745415eebd31482909?s=96&d=mm&r=g","url":"https:\/\/secure.gravatar.com\/avatar\/3c4e99fa9a9806cd5e8fd7cac6ca73ff5bbf5f3ee309e1745415eebd31482909?s=96&d=mm&r=g","height":96,"width":96}},"publisher":{"@type":"Organization","name":"acorde.cz","logo":{"@type":"ImageObject","@id":"\/logo.png","url":"\/logo.png","width":600,"height":60}},"image":{"@type":"ImageObject","@id":"https:\/\/www.acorde.cz\/wp-content\/uploads\/img_a342597_w1697_t1555414027.jpg","url":"https:\/\/www.acorde.cz\/wp-content\/uploads\/img_a342597_w1697_t1555414027.jpg","height":0,"width":0},"wordCount":522,"keywords":null},{"@type":"Article","@id":"https:\/\/www.acorde.cz\/pohodlny-nakup-sity-na-miru\/","headline":"Pohodln\u00fd n\u00e1kup \u0161it\u00fd na m\u00edru","url":"https:\/\/www.acorde.cz\/pohodlny-nakup-sity-na-miru\/","datePublished":"2019-09-06","dateModified":"2023-05-06","mainEntityOfPage":"https:\/\/www.acorde.cz\/pohodlny-nakup-sity-na-miru\/","author":{"@type":"Person","@id":"https:\/\/www.acorde.cz\/author\/#Person","name":"","url":"https:\/\/www.acorde.cz\/author\/","identifier":1,"image":{"@type":"ImageObject","@id":"https:\/\/secure.gravatar.com\/avatar\/3c4e99fa9a9806cd5e8fd7cac6ca73ff5bbf5f3ee309e1745415eebd31482909?s=96&d=mm&r=g","url":"https:\/\/secure.gravatar.com\/avatar\/3c4e99fa9a9806cd5e8fd7cac6ca73ff5bbf5f3ee309e1745415eebd31482909?s=96&d=mm&r=g","height":96,"width":96}},"publisher":{"@type":"Organization","name":"acorde.cz","logo":{"@type":"ImageObject","@id":"\/logo.png","url":"\/logo.png","width":600,"height":60}},"image":{"@type":"ImageObject","@id":"https:\/\/www.acorde.cz\/wp-content\/uploads\/img_a355144_w3314_t1569570251.jpg","url":"https:\/\/www.acorde.cz\/wp-content\/uploads\/img_a355144_w3314_t1569570251.jpg","height":0,"width":0},"wordCount":523,"keywords":null},{"@type":"Article","@id":"https:\/\/www.acorde.cz\/dovolena-v-zari-proc-ne-lette-do-dubaje\/","headline":"Dovolen\u00e1 v Z\u00e1\u0159\u00ed? Pro\u010d ne, le\u0165te do Dubaje!","url":"https:\/\/www.acorde.cz\/dovolena-v-zari-proc-ne-lette-do-dubaje\/","datePublished":"2019-08-17","dateModified":"2019-08-17","mainEntityOfPage":"https:\/\/www.acorde.cz\/dovolena-v-zari-proc-ne-lette-do-dubaje\/","author":{"@type":"Person","@id":"https:\/\/www.acorde.cz\/author\/#Person","name":"","url":"https:\/\/www.acorde.cz\/author\/","identifier":1,"image":{"@type":"ImageObject","@id":"https:\/\/secure.gravatar.com\/avatar\/3c4e99fa9a9806cd5e8fd7cac6ca73ff5bbf5f3ee309e1745415eebd31482909?s=96&d=mm&r=g","url":"https:\/\/secure.gravatar.com\/avatar\/3c4e99fa9a9806cd5e8fd7cac6ca73ff5bbf5f3ee309e1745415eebd31482909?s=96&d=mm&r=g","height":96,"width":96}},"publisher":{"@type":"Organization","name":"acorde.cz","logo":{"@type":"ImageObject","@id":"\/logo.png","url":"\/logo.png","width":600,"height":60}},"image":{"@type":"ImageObject","@id":"https:\/\/www.acorde.cz\/wp-content\/uploads\/img_a353930_w3100_t1568482371.jpg","url":"https:\/\/www.acorde.cz\/wp-content\/uploads\/img_a353930_w3100_t1568482371.jpg","height":0,"width":0},"wordCount":554,"keywords":null},{"@type":"Article","@id":"https:\/\/www.acorde.cz\/nakupy-ve-stylu-zero-waste\/","headline":"N\u00e1kupy ve stylu zero waste","url":"https:\/\/www.acorde.cz\/nakupy-ve-stylu-zero-waste\/","datePublished":"2019-08-01","dateModified":"2019-08-01","mainEntityOfPage":"https:\/\/www.acorde.cz\/nakupy-ve-stylu-zero-waste\/","author":{"@type":"Person","@id":"https:\/\/www.acorde.cz\/author\/#Person","name":"","url":"https:\/\/www.acorde.cz\/author\/","identifier":1,"image":{"@type":"ImageObject","@id":"https:\/\/secure.gravatar.com\/avatar\/3c4e99fa9a9806cd5e8fd7cac6ca73ff5bbf5f3ee309e1745415eebd31482909?s=96&d=mm&r=g","url":"https:\/\/secure.gravatar.com\/avatar\/3c4e99fa9a9806cd5e8fd7cac6ca73ff5bbf5f3ee309e1745415eebd31482909?s=96&d=mm&r=g","height":96,"width":96}},"publisher":{"@type":"Organization","name":"acorde.cz","logo":{"@type":"ImageObject","@id":"\/logo.png","url":"\/logo.png","width":600,"height":60}},"image":{"@type":"ImageObject","@id":"https:\/\/www.acorde.cz\/wp-content\/uploads\/img_a352586_w3748_t1567071485.jpg","url":"https:\/\/www.acorde.cz\/wp-content\/uploads\/img_a352586_w3748_t1567071485.jpg","height":0,"width":0},"wordCount":563,"keywords":null},{"@type":"Article","@id":"https:\/\/www.acorde.cz\/boj-o-urodu\/","headline":"Boj o \u00farodu","url":"https:\/\/www.acorde.cz\/boj-o-urodu\/","datePublished":"2019-06-27","dateModified":"2019-06-27","mainEntityOfPage":"https:\/\/www.acorde.cz\/boj-o-urodu\/","author":{"@type":"Person","@id":"https:\/\/www.acorde.cz\/author\/#Person","name":"","url":"https:\/\/www.acorde.cz\/author\/","identifier":1,"image":{"@type":"ImageObject","@id":"https:\/\/secure.gravatar.com\/avatar\/3c4e99fa9a9806cd5e8fd7cac6ca73ff5bbf5f3ee309e1745415eebd31482909?s=96&d=mm&r=g","url":"https:\/\/secure.gravatar.com\/avatar\/3c4e99fa9a9806cd5e8fd7cac6ca73ff5bbf5f3ee309e1745415eebd31482909?s=96&d=mm&r=g","height":96,"width":96}},"publisher":{"@type":"Organization","name":"acorde.cz","logo":{"@type":"ImageObject","@id":"\/logo.png","url":"\/logo.png","width":600,"height":60}},"image":{"@type":"ImageObject","@id":"https:\/\/www.acorde.cz\/wp-content\/uploads\/img_a346196_w2094_t1560084622.jpg","url":"https:\/\/www.acorde.cz\/wp-content\/uploads\/img_a346196_w2094_t1560084622.jpg","height":0,"width":0},"wordCount":4496,"keywords":null},{"@type":"Article","@id":"https:\/\/www.acorde.cz\/kambodza-oaza-klidu-v-srdci-asie\/","headline":"Kambod\u017ea \u2013 o\u00e1za klidu v srdci Asie","url":"https:\/\/www.acorde.cz\/kambodza-oaza-klidu-v-srdci-asie\/","datePublished":"2019-06-12","dateModified":"2023-05-06","mainEntityOfPage":"https:\/\/www.acorde.cz\/kambodza-oaza-klidu-v-srdci-asie\/","author":{"@type":"Person","@id":"https:\/\/www.acorde.cz\/author\/#Person","name":"","url":"https:\/\/www.acorde.cz\/author\/","identifier":1,"image":{"@type":"ImageObject","@id":"https:\/\/secure.gravatar.com\/avatar\/3c4e99fa9a9806cd5e8fd7cac6ca73ff5bbf5f3ee309e1745415eebd31482909?s=96&d=mm&r=g","url":"https:\/\/secure.gravatar.com\/avatar\/3c4e99fa9a9806cd5e8fd7cac6ca73ff5bbf5f3ee309e1745415eebd31482909?s=96&d=mm&r=g","height":96,"width":96}},"publisher":{"@type":"Organization","name":"acorde.cz","logo":{"@type":"ImageObject","@id":"\/logo.png","url":"\/logo.png","width":600,"height":60}},"image":{"@type":"ImageObject","@id":"https:\/\/www.acorde.cz\/wp-content\/uploads\/img_a348750_w2688_t1563635968.jpg","url":"https:\/\/www.acorde.cz\/wp-content\/uploads\/img_a348750_w2688_t1563635968.jpg","height":0,"width":0},"wordCount":499,"keywords":null},{"@type":"Article","@id":"https:\/\/www.acorde.cz\/hracky-pro-deti-s-pohadkovymi-motivy\/","headline":"Hra\u010dky pro d\u011bti s poh\u00e1dkov\u00fdmi motivy","url":"https:\/\/www.acorde.cz\/hracky-pro-deti-s-pohadkovymi-motivy\/","datePublished":"2019-06-10","dateModified":"2023-05-06","mainEntityOfPage":"https:\/\/www.acorde.cz\/hracky-pro-deti-s-pohadkovymi-motivy\/","author":{"@type":"Person","@id":"https:\/\/www.acorde.cz\/author\/#Person","name":"","url":"https:\/\/www.acorde.cz\/author\/","identifier":1,"image":{"@type":"ImageObject","@id":"https:\/\/secure.gravatar.com\/avatar\/3c4e99fa9a9806cd5e8fd7cac6ca73ff5bbf5f3ee309e1745415eebd31482909?s=96&d=mm&r=g","url":"https:\/\/secure.gravatar.com\/avatar\/3c4e99fa9a9806cd5e8fd7cac6ca73ff5bbf5f3ee309e1745415eebd31482909?s=96&d=mm&r=g","height":96,"width":96}},"publisher":{"@type":"Organization","name":"acorde.cz","logo":{"@type":"ImageObject","@id":"\/logo.png","url":"\/logo.png","width":600,"height":60}},"image":{"@type":"ImageObject","@id":"https:\/\/www.acorde.cz\/wp-content\/uploads\/img_a358366_w1884_t1572533683.jpg","url":"https:\/\/www.acorde.cz\/wp-content\/uploads\/img_a358366_w1884_t1572533683.jpg","height":0,"width":0},"wordCount":532,"keywords":null}]},{"@context":"https:\/\/schema.org","@type":"WebSite","@id":"https:\/\/www.acorde.cz\/#website","name":"Acorde","url":"https:\/\/www.acorde.cz","potentialAction":{"@type":"SearchAction","target":"https:\/\/www.acorde.cz\/?s={search_term_string}","query-input":"required name=search_term_string"}}]