[{"@context":"https:\/\/schema.org\/","@type":"Blog","@id":"https:\/\/www.acorde.cz#Blog","headline":"Acorde","description":"\nNa na\u0161em webu si cen\u00edme \u010dist\u00e9 pravdy nade v\u0161e. A raz\u00edme ji tu, i kdyby n\u00e1m to snad n\u011bkdy nebylo ku prosp\u011bchu. T\u0159eba to dok\u00e1\u017eete n\u00e1le\u017eit\u011b ocenit.","url":"https:\/\/www.acorde.cz","hasPart":[{"@type":"Article","@id":"https:\/\/www.acorde.cz\/uzivejte-si-leta-do-sytosti\/","headline":"U\u017e\u00edvejte si l\u00e9ta do sytosti","url":"https:\/\/www.acorde.cz\/uzivejte-si-leta-do-sytosti\/","datePublished":"2020-12-15","dateModified":"2023-05-06","mainEntityOfPage":"https:\/\/www.acorde.cz\/uzivejte-si-leta-do-sytosti\/","author":{"@type":"Person","@id":"https:\/\/www.acorde.cz\/author\/#Person","name":"","url":"https:\/\/www.acorde.cz\/author\/","identifier":1,"image":{"@type":"ImageObject","@id":"https:\/\/secure.gravatar.com\/avatar\/3c4e99fa9a9806cd5e8fd7cac6ca73ff5bbf5f3ee309e1745415eebd31482909?s=96&d=mm&r=g","url":"https:\/\/secure.gravatar.com\/avatar\/3c4e99fa9a9806cd5e8fd7cac6ca73ff5bbf5f3ee309e1745415eebd31482909?s=96&d=mm&r=g","height":96,"width":96}},"publisher":{"@type":"Organization","name":"acorde.cz","logo":{"@type":"ImageObject","@id":"\/logo.png","url":"\/logo.png","width":600,"height":60}},"image":{"@type":"ImageObject","@id":"https:\/\/www.acorde.cz\/wp-content\/uploads\/koup%C3%A1n%C3%AD_2.jpg","url":"https:\/\/www.acorde.cz\/wp-content\/uploads\/koup%C3%A1n%C3%AD_2.jpg","height":0,"width":0},"wordCount":545,"keywords":null},{"@type":"Article","@id":"https:\/\/www.acorde.cz\/co-po-vas-bude-pozadovat-pujcovna-privesu\/","headline":"Co po v\u00e1s bude po\u017eadovat p\u016fj\u010dovna p\u0159\u00edv\u011bs\u016f","url":"https:\/\/www.acorde.cz\/co-po-vas-bude-pozadovat-pujcovna-privesu\/","datePublished":"2020-12-15","dateModified":"2023-09-20","mainEntityOfPage":"https:\/\/www.acorde.cz\/co-po-vas-bude-pozadovat-pujcovna-privesu\/","author":{"@type":"Person","@id":"https:\/\/www.acorde.cz\/author\/#Person","name":"","url":"https:\/\/www.acorde.cz\/author\/","identifier":1,"image":{"@type":"ImageObject","@id":"https:\/\/secure.gravatar.com\/avatar\/3c4e99fa9a9806cd5e8fd7cac6ca73ff5bbf5f3ee309e1745415eebd31482909?s=96&d=mm&r=g","url":"https:\/\/secure.gravatar.com\/avatar\/3c4e99fa9a9806cd5e8fd7cac6ca73ff5bbf5f3ee309e1745415eebd31482909?s=96&d=mm&r=g","height":96,"width":96}},"publisher":{"@type":"Organization","name":"acorde.cz","logo":{"@type":"ImageObject","@id":"\/logo.png","url":"\/logo.png","width":600,"height":60}},"image":{"@type":"ImageObject","@id":"https:\/\/www.acorde.cz\/wp-content\/uploads\/prives1_2.png","url":"https:\/\/www.acorde.cz\/wp-content\/uploads\/prives1_2.png","height":0,"width":0},"wordCount":774,"keywords":null},{"@type":"Article","@id":"https:\/\/www.acorde.cz\/k-cemu-jsou-dobre-seo-konzultace\/","headline":"K \u010demu jsou dobr\u00e9 SEO konzultace","url":"https:\/\/www.acorde.cz\/k-cemu-jsou-dobre-seo-konzultace\/","datePublished":"2020-11-30","dateModified":"2023-05-06","mainEntityOfPage":"https:\/\/www.acorde.cz\/k-cemu-jsou-dobre-seo-konzultace\/","author":{"@type":"Person","@id":"https:\/\/www.acorde.cz\/author\/#Person","name":"","url":"https:\/\/www.acorde.cz\/author\/","identifier":1,"image":{"@type":"ImageObject","@id":"https:\/\/secure.gravatar.com\/avatar\/3c4e99fa9a9806cd5e8fd7cac6ca73ff5bbf5f3ee309e1745415eebd31482909?s=96&d=mm&r=g","url":"https:\/\/secure.gravatar.com\/avatar\/3c4e99fa9a9806cd5e8fd7cac6ca73ff5bbf5f3ee309e1745415eebd31482909?s=96&d=mm&r=g","height":96,"width":96}},"publisher":{"@type":"Organization","name":"acorde.cz","logo":{"@type":"ImageObject","@id":"\/logo.png","url":"\/logo.png","width":600,"height":60}},"image":{"@type":"ImageObject","@id":"https:\/\/www.acorde.cz\/wp-content\/uploads\/burza2_10_10_10_10_1.jpg","url":"https:\/\/www.acorde.cz\/wp-content\/uploads\/burza2_10_10_10_10_1.jpg","height":0,"width":0},"wordCount":598,"keywords":null},{"@type":"Article","@id":"https:\/\/www.acorde.cz\/octavie-druhe-generace\/","headline":"Octavie druh\u00e9 generace","url":"https:\/\/www.acorde.cz\/octavie-druhe-generace\/","datePublished":"2020-11-16","dateModified":"2023-05-06","mainEntityOfPage":"https:\/\/www.acorde.cz\/octavie-druhe-generace\/","author":{"@type":"Person","@id":"https:\/\/www.acorde.cz\/author\/#Person","name":"","url":"https:\/\/www.acorde.cz\/author\/","identifier":1,"image":{"@type":"ImageObject","@id":"https:\/\/secure.gravatar.com\/avatar\/3c4e99fa9a9806cd5e8fd7cac6ca73ff5bbf5f3ee309e1745415eebd31482909?s=96&d=mm&r=g","url":"https:\/\/secure.gravatar.com\/avatar\/3c4e99fa9a9806cd5e8fd7cac6ca73ff5bbf5f3ee309e1745415eebd31482909?s=96&d=mm&r=g","height":96,"width":96}},"publisher":{"@type":"Organization","name":"acorde.cz","logo":{"@type":"ImageObject","@id":"\/logo.png","url":"\/logo.png","width":600,"height":60}},"image":{"@type":"ImageObject","@id":"https:\/\/www.acorde.cz\/wp-content\/uploads\/logo%20%C5%A1koda_3.jpg","url":"https:\/\/www.acorde.cz\/wp-content\/uploads\/logo%20%C5%A1koda_3.jpg","height":0,"width":0},"wordCount":759,"keywords":null},{"@type":"Article","@id":"https:\/\/www.acorde.cz\/udalosti-vysokeho-vyznamu\/","headline":"Ud\u00e1losti vysok\u00e9ho v\u00fdznamu","url":"https:\/\/www.acorde.cz\/udalosti-vysokeho-vyznamu\/","datePublished":"2020-10-19","dateModified":"2023-05-06","mainEntityOfPage":"https:\/\/www.acorde.cz\/udalosti-vysokeho-vyznamu\/","author":{"@type":"Person","@id":"https:\/\/www.acorde.cz\/author\/#Person","name":"","url":"https:\/\/www.acorde.cz\/author\/","identifier":1,"image":{"@type":"ImageObject","@id":"https:\/\/secure.gravatar.com\/avatar\/3c4e99fa9a9806cd5e8fd7cac6ca73ff5bbf5f3ee309e1745415eebd31482909?s=96&d=mm&r=g","url":"https:\/\/secure.gravatar.com\/avatar\/3c4e99fa9a9806cd5e8fd7cac6ca73ff5bbf5f3ee309e1745415eebd31482909?s=96&d=mm&r=g","height":96,"width":96}},"publisher":{"@type":"Organization","name":"acorde.cz","logo":{"@type":"ImageObject","@id":"\/logo.png","url":"\/logo.png","width":600,"height":60}},"image":{"@type":"ImageObject","@id":"https:\/\/www.acorde.cz\/wp-content\/uploads\/svatba%20polibek.jpeg","url":"https:\/\/www.acorde.cz\/wp-content\/uploads\/svatba%20polibek.jpeg","height":0,"width":0},"wordCount":586,"keywords":null},{"@type":"Article","@id":"https:\/\/www.acorde.cz\/chystate-se-do-divadla-nezapomente-na-slusne-vychovani\/","headline":"Chyst\u00e1te se do divadla? Nezapome\u0148te na slu\u0161n\u00e9 vychov\u00e1n\u00ed!","url":"https:\/\/www.acorde.cz\/chystate-se-do-divadla-nezapomente-na-slusne-vychovani\/","datePublished":"2020-09-09","dateModified":"2023-05-06","mainEntityOfPage":"https:\/\/www.acorde.cz\/chystate-se-do-divadla-nezapomente-na-slusne-vychovani\/","author":{"@type":"Person","@id":"https:\/\/www.acorde.cz\/author\/#Person","name":"","url":"https:\/\/www.acorde.cz\/author\/","identifier":1,"image":{"@type":"ImageObject","@id":"https:\/\/secure.gravatar.com\/avatar\/3c4e99fa9a9806cd5e8fd7cac6ca73ff5bbf5f3ee309e1745415eebd31482909?s=96&d=mm&r=g","url":"https:\/\/secure.gravatar.com\/avatar\/3c4e99fa9a9806cd5e8fd7cac6ca73ff5bbf5f3ee309e1745415eebd31482909?s=96&d=mm&r=g","height":96,"width":96}},"publisher":{"@type":"Organization","name":"acorde.cz","logo":{"@type":"ImageObject","@id":"\/logo.png","url":"\/logo.png","width":600,"height":60}},"image":{"@type":"ImageObject","@id":"https:\/\/www.acorde.cz\/wp-content\/uploads\/img_a291971_w2057_t1504200296.jpg","url":"https:\/\/www.acorde.cz\/wp-content\/uploads\/img_a291971_w2057_t1504200296.jpg","height":0,"width":0},"wordCount":624,"keywords":null},{"@type":"Article","@id":"https:\/\/www.acorde.cz\/podpurne-tabletky\/","headline":"Podp\u016frn\u00e9 tabletky","url":"https:\/\/www.acorde.cz\/podpurne-tabletky\/","datePublished":"2020-07-14","dateModified":"2023-05-06","mainEntityOfPage":"https:\/\/www.acorde.cz\/podpurne-tabletky\/","author":{"@type":"Person","@id":"https:\/\/www.acorde.cz\/author\/#Person","name":"","url":"https:\/\/www.acorde.cz\/author\/","identifier":1,"image":{"@type":"ImageObject","@id":"https:\/\/secure.gravatar.com\/avatar\/3c4e99fa9a9806cd5e8fd7cac6ca73ff5bbf5f3ee309e1745415eebd31482909?s=96&d=mm&r=g","url":"https:\/\/secure.gravatar.com\/avatar\/3c4e99fa9a9806cd5e8fd7cac6ca73ff5bbf5f3ee309e1745415eebd31482909?s=96&d=mm&r=g","height":96,"width":96}},"publisher":{"@type":"Organization","name":"acorde.cz","logo":{"@type":"ImageObject","@id":"\/logo.png","url":"\/logo.png","width":600,"height":60}},"image":{"@type":"ImageObject","@id":"https:\/\/www.acorde.cz\/wp-content\/uploads\/podp%C5%AFrn%C3%A9%20tabletky.jpg","url":"https:\/\/www.acorde.cz\/wp-content\/uploads\/podp%C5%AFrn%C3%A9%20tabletky.jpg","height":0,"width":0},"wordCount":759,"keywords":null},{"@type":"Article","@id":"https:\/\/www.acorde.cz\/mobilni-domy-varianta-rychleho-bydleni\/","headline":"Mobiln\u00ed domy \u2013 varianta rychl\u00e9ho bydlen\u00ed","url":"https:\/\/www.acorde.cz\/mobilni-domy-varianta-rychleho-bydleni\/","datePublished":"2020-06-20","dateModified":"2023-05-06","mainEntityOfPage":"https:\/\/www.acorde.cz\/mobilni-domy-varianta-rychleho-bydleni\/","author":{"@type":"Person","@id":"https:\/\/www.acorde.cz\/author\/#Person","name":"","url":"https:\/\/www.acorde.cz\/author\/","identifier":1,"image":{"@type":"ImageObject","@id":"https:\/\/secure.gravatar.com\/avatar\/3c4e99fa9a9806cd5e8fd7cac6ca73ff5bbf5f3ee309e1745415eebd31482909?s=96&d=mm&r=g","url":"https:\/\/secure.gravatar.com\/avatar\/3c4e99fa9a9806cd5e8fd7cac6ca73ff5bbf5f3ee309e1745415eebd31482909?s=96&d=mm&r=g","height":96,"width":96}},"publisher":{"@type":"Organization","name":"acorde.cz","logo":{"@type":"ImageObject","@id":"\/logo.png","url":"\/logo.png","width":600,"height":60}},"image":{"@type":"ImageObject","@id":"https:\/\/www.acorde.cz\/wp-content\/uploads\/bydlen%C3%AD%20pro%20%C5%BEabky.jpg","url":"https:\/\/www.acorde.cz\/wp-content\/uploads\/bydlen%C3%AD%20pro%20%C5%BEabky.jpg","height":0,"width":0},"wordCount":555,"keywords":null},{"@type":"Article","@id":"https:\/\/www.acorde.cz\/tradice-a-elegance-nabytku-z-masivu\/","headline":"Tradice a elegance n\u00e1bytku z masivu","url":"https:\/\/www.acorde.cz\/tradice-a-elegance-nabytku-z-masivu\/","datePublished":"2020-03-24","dateModified":"2024-06-24","mainEntityOfPage":"https:\/\/www.acorde.cz\/tradice-a-elegance-nabytku-z-masivu\/","author":{"@type":"Person","@id":"https:\/\/www.acorde.cz\/author\/#Person","name":"","url":"https:\/\/www.acorde.cz\/author\/","identifier":1,"image":{"@type":"ImageObject","@id":"https:\/\/secure.gravatar.com\/avatar\/3c4e99fa9a9806cd5e8fd7cac6ca73ff5bbf5f3ee309e1745415eebd31482909?s=96&d=mm&r=g","url":"https:\/\/secure.gravatar.com\/avatar\/3c4e99fa9a9806cd5e8fd7cac6ca73ff5bbf5f3ee309e1745415eebd31482909?s=96&d=mm&r=g","height":96,"width":96}},"publisher":{"@type":"Organization","name":"acorde.cz","logo":{"@type":"ImageObject","@id":"\/logo.png","url":"\/logo.png","width":600,"height":60}},"image":{"@type":"ImageObject","@id":"https:\/\/www.acorde.cz\/wp-content\/uploads\/d%C5%99evo%20ke%20zpracov%C3%A1n%C3%AD.jpg","url":"https:\/\/www.acorde.cz\/wp-content\/uploads\/d%C5%99evo%20ke%20zpracov%C3%A1n%C3%AD.jpg","height":0,"width":0},"wordCount":624,"keywords":null},{"@type":"Article","@id":"https:\/\/www.acorde.cz\/led-zarovky-master-led\/","headline":"LED \u017e\u00e1rovky Master led","url":"https:\/\/www.acorde.cz\/led-zarovky-master-led\/","datePublished":"2020-03-17","dateModified":"2023-05-06","mainEntityOfPage":"https:\/\/www.acorde.cz\/led-zarovky-master-led\/","author":{"@type":"Person","@id":"https:\/\/www.acorde.cz\/author\/#Person","name":"","url":"https:\/\/www.acorde.cz\/author\/","identifier":1,"image":{"@type":"ImageObject","@id":"https:\/\/secure.gravatar.com\/avatar\/3c4e99fa9a9806cd5e8fd7cac6ca73ff5bbf5f3ee309e1745415eebd31482909?s=96&d=mm&r=g","url":"https:\/\/secure.gravatar.com\/avatar\/3c4e99fa9a9806cd5e8fd7cac6ca73ff5bbf5f3ee309e1745415eebd31482909?s=96&d=mm&r=g","height":96,"width":96}},"publisher":{"@type":"Organization","name":"acorde.cz","logo":{"@type":"ImageObject","@id":"\/logo.png","url":"\/logo.png","width":600,"height":60}},"image":{"@type":"ImageObject","@id":"https:\/\/www.acorde.cz\/wp-content\/uploads\/led%20sv%C4%9Btlo.png","url":"https:\/\/www.acorde.cz\/wp-content\/uploads\/led%20sv%C4%9Btlo.png","height":0,"width":0},"wordCount":655,"keywords":null}]},{"@context":"https:\/\/schema.org","@type":"WebSite","@id":"https:\/\/www.acorde.cz\/#website","name":"Acorde","url":"https:\/\/www.acorde.cz","potentialAction":{"@type":"SearchAction","target":"https:\/\/www.acorde.cz\/?s={search_term_string}","query-input":"required name=search_term_string"}}]