[{"@context":"https:\/\/schema.org\/","@type":"Blog","@id":"https:\/\/www.acorde.cz#Blog","headline":"Acorde","description":"\nNa na\u0161em webu si cen\u00edme \u010dist\u00e9 pravdy nade v\u0161e. A raz\u00edme ji tu, i kdyby n\u00e1m to snad n\u011bkdy nebylo ku prosp\u011bchu. T\u0159eba to dok\u00e1\u017eete n\u00e1le\u017eit\u011b ocenit.","url":"https:\/\/www.acorde.cz","hasPart":[{"@type":"Article","@id":"https:\/\/www.acorde.cz\/po-cem-touzi-zeny\/","headline":"Po \u010dem tou\u017e\u00ed \u017eeny?","url":"https:\/\/www.acorde.cz\/po-cem-touzi-zeny\/","datePublished":"2021-08-20","dateModified":"2023-05-06","mainEntityOfPage":"https:\/\/www.acorde.cz\/po-cem-touzi-zeny\/","author":{"@type":"Person","@id":"https:\/\/www.acorde.cz\/author\/#Person","name":"","url":"https:\/\/www.acorde.cz\/author\/","identifier":1,"image":{"@type":"ImageObject","@id":"https:\/\/secure.gravatar.com\/avatar\/3c4e99fa9a9806cd5e8fd7cac6ca73ff5bbf5f3ee309e1745415eebd31482909?s=96&d=mm&r=g","url":"https:\/\/secure.gravatar.com\/avatar\/3c4e99fa9a9806cd5e8fd7cac6ca73ff5bbf5f3ee309e1745415eebd31482909?s=96&d=mm&r=g","height":96,"width":96}},"publisher":{"@type":"Organization","name":"acorde.cz","logo":{"@type":"ImageObject","@id":"\/logo.png","url":"\/logo.png","width":600,"height":60}},"image":{"@type":"ImageObject","@id":"https:\/\/www.acorde.cz\/wp-content\/uploads\/%C5%BEena%20na%20k%C5%99esle.jpg","url":"https:\/\/www.acorde.cz\/wp-content\/uploads\/%C5%BEena%20na%20k%C5%99esle.jpg","height":0,"width":0},"wordCount":657,"keywords":null},{"@type":"Article","@id":"https:\/\/www.acorde.cz\/mejte-vhodny-lustr-ve-vasi-kuchyni\/","headline":"M\u011bjte vhodn\u00fd lustr ve va\u0161\u00ed kuchyni","url":"https:\/\/www.acorde.cz\/mejte-vhodny-lustr-ve-vasi-kuchyni\/","datePublished":"2021-08-11","dateModified":"2023-05-06","mainEntityOfPage":"https:\/\/www.acorde.cz\/mejte-vhodny-lustr-ve-vasi-kuchyni\/","author":{"@type":"Person","@id":"https:\/\/www.acorde.cz\/author\/#Person","name":"","url":"https:\/\/www.acorde.cz\/author\/","identifier":1,"image":{"@type":"ImageObject","@id":"https:\/\/secure.gravatar.com\/avatar\/3c4e99fa9a9806cd5e8fd7cac6ca73ff5bbf5f3ee309e1745415eebd31482909?s=96&d=mm&r=g","url":"https:\/\/secure.gravatar.com\/avatar\/3c4e99fa9a9806cd5e8fd7cac6ca73ff5bbf5f3ee309e1745415eebd31482909?s=96&d=mm&r=g","height":96,"width":96}},"publisher":{"@type":"Organization","name":"acorde.cz","logo":{"@type":"ImageObject","@id":"\/logo.png","url":"\/logo.png","width":600,"height":60}},"image":{"@type":"ImageObject","@id":"https:\/\/www.acorde.cz\/wp-content\/uploads\/vizualizace%20kuchyn%C4%9B.PNG","url":"https:\/\/www.acorde.cz\/wp-content\/uploads\/vizualizace%20kuchyn%C4%9B.PNG","height":0,"width":0},"wordCount":608,"keywords":null},{"@type":"Article","@id":"https:\/\/www.acorde.cz\/saty-koktejlky\/","headline":"\u0160aty koktejlky","url":"https:\/\/www.acorde.cz\/saty-koktejlky\/","datePublished":"2021-05-15","dateModified":"2023-05-06","mainEntityOfPage":"https:\/\/www.acorde.cz\/saty-koktejlky\/","author":{"@type":"Person","@id":"https:\/\/www.acorde.cz\/author\/#Person","name":"","url":"https:\/\/www.acorde.cz\/author\/","identifier":1,"image":{"@type":"ImageObject","@id":"https:\/\/secure.gravatar.com\/avatar\/3c4e99fa9a9806cd5e8fd7cac6ca73ff5bbf5f3ee309e1745415eebd31482909?s=96&d=mm&r=g","url":"https:\/\/secure.gravatar.com\/avatar\/3c4e99fa9a9806cd5e8fd7cac6ca73ff5bbf5f3ee309e1745415eebd31482909?s=96&d=mm&r=g","height":96,"width":96}},"publisher":{"@type":"Organization","name":"acorde.cz","logo":{"@type":"ImageObject","@id":"\/logo.png","url":"\/logo.png","width":600,"height":60}},"image":{"@type":"ImageObject","@id":"https:\/\/www.acorde.cz\/wp-content\/uploads\/%C5%BEeny%20a%20%C5%A1aty.PNG","url":"https:\/\/www.acorde.cz\/wp-content\/uploads\/%C5%BEeny%20a%20%C5%A1aty.PNG","height":0,"width":0},"wordCount":1312,"keywords":null},{"@type":"Article","@id":"https:\/\/www.acorde.cz\/perfektni-odstin-ktery-muzete-mit-i-v-zimnim-obdobi\/","headline":"Perfektn\u00ed odst\u00edn, kter\u00fd m\u016f\u017eete m\u00edt i v zimn\u00edm obdob\u00ed","url":"https:\/\/www.acorde.cz\/perfektni-odstin-ktery-muzete-mit-i-v-zimnim-obdobi\/","datePublished":"2021-05-14","dateModified":"2023-11-16","mainEntityOfPage":"https:\/\/www.acorde.cz\/perfektni-odstin-ktery-muzete-mit-i-v-zimnim-obdobi\/","author":{"@type":"Person","@id":"https:\/\/www.acorde.cz\/author\/#Person","name":"","url":"https:\/\/www.acorde.cz\/author\/","identifier":1,"image":{"@type":"ImageObject","@id":"https:\/\/secure.gravatar.com\/avatar\/3c4e99fa9a9806cd5e8fd7cac6ca73ff5bbf5f3ee309e1745415eebd31482909?s=96&d=mm&r=g","url":"https:\/\/secure.gravatar.com\/avatar\/3c4e99fa9a9806cd5e8fd7cac6ca73ff5bbf5f3ee309e1745415eebd31482909?s=96&d=mm&r=g","height":96,"width":96}},"publisher":{"@type":"Organization","name":"acorde.cz","logo":{"@type":"ImageObject","@id":"\/logo.png","url":"\/logo.png","width":600,"height":60}},"image":{"@type":"ImageObject","@id":"https:\/\/www.acorde.cz\/wp-content\/uploads\/solarium-1064815_960_720_1.jpg","url":"https:\/\/www.acorde.cz\/wp-content\/uploads\/solarium-1064815_960_720_1.jpg","height":0,"width":0},"wordCount":547,"keywords":null},{"@type":"Article","@id":"https:\/\/www.acorde.cz\/obleceni-s-humornymi-napisy-i-pro-miminka\/","headline":"Oble\u010den\u00ed s humorn\u00fdmi n\u00e1pisy i pro miminka","url":"https:\/\/www.acorde.cz\/obleceni-s-humornymi-napisy-i-pro-miminka\/","datePublished":"2021-03-19","dateModified":"2023-05-06","mainEntityOfPage":"https:\/\/www.acorde.cz\/obleceni-s-humornymi-napisy-i-pro-miminka\/","author":{"@type":"Person","@id":"https:\/\/www.acorde.cz\/author\/#Person","name":"","url":"https:\/\/www.acorde.cz\/author\/","identifier":1,"image":{"@type":"ImageObject","@id":"https:\/\/secure.gravatar.com\/avatar\/3c4e99fa9a9806cd5e8fd7cac6ca73ff5bbf5f3ee309e1745415eebd31482909?s=96&d=mm&r=g","url":"https:\/\/secure.gravatar.com\/avatar\/3c4e99fa9a9806cd5e8fd7cac6ca73ff5bbf5f3ee309e1745415eebd31482909?s=96&d=mm&r=g","height":96,"width":96}},"publisher":{"@type":"Organization","name":"acorde.cz","logo":{"@type":"ImageObject","@id":"\/logo.png","url":"\/logo.png","width":600,"height":60}},"image":{"@type":"ImageObject","@id":"https:\/\/www.acorde.cz\/wp-content\/uploads\/batole%20hol%C4%8Di%C4%8Dka.jpeg","url":"https:\/\/www.acorde.cz\/wp-content\/uploads\/batole%20hol%C4%8Di%C4%8Dka.jpeg","height":0,"width":0},"wordCount":876,"keywords":null},{"@type":"Article","@id":"https:\/\/www.acorde.cz\/stehovani-jde-jednoduse\/","headline":"St\u011bhov\u00e1n\u00ed jde jednodu\u0161e","url":"https:\/\/www.acorde.cz\/stehovani-jde-jednoduse\/","datePublished":"2021-03-16","dateModified":"2023-05-06","mainEntityOfPage":"https:\/\/www.acorde.cz\/stehovani-jde-jednoduse\/","author":{"@type":"Person","@id":"https:\/\/www.acorde.cz\/author\/#Person","name":"","url":"https:\/\/www.acorde.cz\/author\/","identifier":1,"image":{"@type":"ImageObject","@id":"https:\/\/secure.gravatar.com\/avatar\/3c4e99fa9a9806cd5e8fd7cac6ca73ff5bbf5f3ee309e1745415eebd31482909?s=96&d=mm&r=g","url":"https:\/\/secure.gravatar.com\/avatar\/3c4e99fa9a9806cd5e8fd7cac6ca73ff5bbf5f3ee309e1745415eebd31482909?s=96&d=mm&r=g","height":96,"width":96}},"publisher":{"@type":"Organization","name":"acorde.cz","logo":{"@type":"ImageObject","@id":"\/logo.png","url":"\/logo.png","width":600,"height":60}},"image":{"@type":"ImageObject","@id":"https:\/\/www.acorde.cz\/wp-content\/uploads\/St%C4%9Bhov%C3%A1n%C3%AD%20(11).jpg","url":"https:\/\/www.acorde.cz\/wp-content\/uploads\/St%C4%9Bhov%C3%A1n%C3%AD%20(11).jpg","height":0,"width":0},"wordCount":556,"keywords":null},{"@type":"Article","@id":"https:\/\/www.acorde.cz\/jaky-obal-na-mobil-huawei-si-poridit\/","headline":"Jak\u00fd obal na mobil Huawei si po\u0159\u00eddit","url":"https:\/\/www.acorde.cz\/jaky-obal-na-mobil-huawei-si-poridit\/","datePublished":"2021-03-15","dateModified":"2023-05-06","mainEntityOfPage":"https:\/\/www.acorde.cz\/jaky-obal-na-mobil-huawei-si-poridit\/","author":{"@type":"Person","@id":"https:\/\/www.acorde.cz\/author\/#Person","name":"","url":"https:\/\/www.acorde.cz\/author\/","identifier":1,"image":{"@type":"ImageObject","@id":"https:\/\/secure.gravatar.com\/avatar\/3c4e99fa9a9806cd5e8fd7cac6ca73ff5bbf5f3ee309e1745415eebd31482909?s=96&d=mm&r=g","url":"https:\/\/secure.gravatar.com\/avatar\/3c4e99fa9a9806cd5e8fd7cac6ca73ff5bbf5f3ee309e1745415eebd31482909?s=96&d=mm&r=g","height":96,"width":96}},"publisher":{"@type":"Organization","name":"acorde.cz","logo":{"@type":"ImageObject","@id":"\/logo.png","url":"\/logo.png","width":600,"height":60}},"image":{"@type":"ImageObject","@id":"https:\/\/www.acorde.cz\/wp-content\/uploads\/d%C3%ADvka%20s%20mobilem_10.jpg","url":"https:\/\/www.acorde.cz\/wp-content\/uploads\/d%C3%ADvka%20s%20mobilem_10.jpg","height":0,"width":0},"wordCount":557,"keywords":null},{"@type":"Article","@id":"https:\/\/www.acorde.cz\/k-cemu-vsemu-lze-vyuzit-pilovy-kotouc-na-kov\/","headline":"K \u010demu v\u0161emu lze vyu\u017e\u00edt pilov\u00fd kotou\u010d na kov","url":"https:\/\/www.acorde.cz\/k-cemu-vsemu-lze-vyuzit-pilovy-kotouc-na-kov\/","datePublished":"2021-02-18","dateModified":"2023-05-06","mainEntityOfPage":"https:\/\/www.acorde.cz\/k-cemu-vsemu-lze-vyuzit-pilovy-kotouc-na-kov\/","author":{"@type":"Person","@id":"https:\/\/www.acorde.cz\/author\/#Person","name":"","url":"https:\/\/www.acorde.cz\/author\/","identifier":1,"image":{"@type":"ImageObject","@id":"https:\/\/secure.gravatar.com\/avatar\/3c4e99fa9a9806cd5e8fd7cac6ca73ff5bbf5f3ee309e1745415eebd31482909?s=96&d=mm&r=g","url":"https:\/\/secure.gravatar.com\/avatar\/3c4e99fa9a9806cd5e8fd7cac6ca73ff5bbf5f3ee309e1745415eebd31482909?s=96&d=mm&r=g","height":96,"width":96}},"publisher":{"@type":"Organization","name":"acorde.cz","logo":{"@type":"ImageObject","@id":"\/logo.png","url":"\/logo.png","width":600,"height":60}},"image":{"@type":"ImageObject","@id":"https:\/\/www.acorde.cz\/wp-content\/uploads\/pila1_7.jpg","url":"https:\/\/www.acorde.cz\/wp-content\/uploads\/pila1_7.jpg","height":0,"width":0},"wordCount":702,"keywords":null},{"@type":"Article","@id":"https:\/\/www.acorde.cz\/aby-bylo-penez-vic\/","headline":"Aby bylo pen\u011bz v\u00edc","url":"https:\/\/www.acorde.cz\/aby-bylo-penez-vic\/","datePublished":"2021-01-18","dateModified":"2023-05-06","mainEntityOfPage":"https:\/\/www.acorde.cz\/aby-bylo-penez-vic\/","author":{"@type":"Person","@id":"https:\/\/www.acorde.cz\/author\/#Person","name":"","url":"https:\/\/www.acorde.cz\/author\/","identifier":1,"image":{"@type":"ImageObject","@id":"https:\/\/secure.gravatar.com\/avatar\/3c4e99fa9a9806cd5e8fd7cac6ca73ff5bbf5f3ee309e1745415eebd31482909?s=96&d=mm&r=g","url":"https:\/\/secure.gravatar.com\/avatar\/3c4e99fa9a9806cd5e8fd7cac6ca73ff5bbf5f3ee309e1745415eebd31482909?s=96&d=mm&r=g","height":96,"width":96}},"publisher":{"@type":"Organization","name":"acorde.cz","logo":{"@type":"ImageObject","@id":"\/logo.png","url":"\/logo.png","width":600,"height":60}},"image":{"@type":"ImageObject","@id":"https:\/\/www.acorde.cz\/wp-content\/uploads\/le%C5%BE%C3%ADc%C3%AD%20mince_10_3.jpg","url":"https:\/\/www.acorde.cz\/wp-content\/uploads\/le%C5%BE%C3%ADc%C3%AD%20mince_10_3.jpg","height":0,"width":0},"wordCount":804,"keywords":null},{"@type":"Article","@id":"https:\/\/www.acorde.cz\/obdarujte-deti-opravdu-originalnim-darkem-jakym\/","headline":"Obdarujte d\u011bti opravdu origin\u00e1ln\u00edm d\u00e1rkem. Jak\u00fdm?","url":"https:\/\/www.acorde.cz\/obdarujte-deti-opravdu-originalnim-darkem-jakym\/","datePublished":"2020-12-27","dateModified":"2023-05-06","mainEntityOfPage":"https:\/\/www.acorde.cz\/obdarujte-deti-opravdu-originalnim-darkem-jakym\/","author":{"@type":"Person","@id":"https:\/\/www.acorde.cz\/author\/#Person","name":"","url":"https:\/\/www.acorde.cz\/author\/","identifier":1,"image":{"@type":"ImageObject","@id":"https:\/\/secure.gravatar.com\/avatar\/3c4e99fa9a9806cd5e8fd7cac6ca73ff5bbf5f3ee309e1745415eebd31482909?s=96&d=mm&r=g","url":"https:\/\/secure.gravatar.com\/avatar\/3c4e99fa9a9806cd5e8fd7cac6ca73ff5bbf5f3ee309e1745415eebd31482909?s=96&d=mm&r=g","height":96,"width":96}},"publisher":{"@type":"Organization","name":"acorde.cz","logo":{"@type":"ImageObject","@id":"\/logo.png","url":"\/logo.png","width":600,"height":60}},"image":{"@type":"ImageObject","@id":"https:\/\/www.acorde.cz\/wp-content\/uploads\/%C5%A1it%C3%A9_s_l%C3%A1skou.jpg","url":"https:\/\/www.acorde.cz\/wp-content\/uploads\/%C5%A1it%C3%A9_s_l%C3%A1skou.jpg","height":0,"width":0},"wordCount":731,"keywords":null}]},{"@context":"https:\/\/schema.org","@type":"WebSite","@id":"https:\/\/www.acorde.cz\/#website","name":"Acorde","url":"https:\/\/www.acorde.cz","potentialAction":{"@type":"SearchAction","target":"https:\/\/www.acorde.cz\/?s={search_term_string}","query-input":"required name=search_term_string"}}]