[{"@context":"https:\/\/schema.org\/","@type":"Blog","@id":"https:\/\/www.acorde.cz#Blog","headline":"Acorde","description":"\nNa na\u0161em webu si cen\u00edme \u010dist\u00e9 pravdy nade v\u0161e. A raz\u00edme ji tu, i kdyby n\u00e1m to snad n\u011bkdy nebylo ku prosp\u011bchu. T\u0159eba to dok\u00e1\u017eete n\u00e1le\u017eit\u011b ocenit.","url":"https:\/\/www.acorde.cz","hasPart":[{"@type":"Article","@id":"https:\/\/www.acorde.cz\/nemam-penize-co-s-tim\/","headline":"Nem\u00e1m pen\u00edze &#8211; co s t\u00edm?","url":"https:\/\/www.acorde.cz\/nemam-penize-co-s-tim\/","datePublished":"2022-04-03","dateModified":"2023-05-06","mainEntityOfPage":"https:\/\/www.acorde.cz\/nemam-penize-co-s-tim\/","author":{"@type":"Person","@id":"https:\/\/www.acorde.cz\/author\/#Person","name":"","url":"https:\/\/www.acorde.cz\/author\/","identifier":1,"image":{"@type":"ImageObject","@id":"https:\/\/secure.gravatar.com\/avatar\/3c4e99fa9a9806cd5e8fd7cac6ca73ff5bbf5f3ee309e1745415eebd31482909?s=96&d=mm&r=g","url":"https:\/\/secure.gravatar.com\/avatar\/3c4e99fa9a9806cd5e8fd7cac6ca73ff5bbf5f3ee309e1745415eebd31482909?s=96&d=mm&r=g","height":96,"width":96}},"publisher":{"@type":"Organization","name":"acorde.cz","logo":{"@type":"ImageObject","@id":"\/logo.png","url":"\/logo.png","width":600,"height":60}},"image":{"@type":"ImageObject","@id":"https:\/\/www.acorde.cz\/wp-content\/uploads\/wallet-gf8e163e2c_640.jpg","url":"https:\/\/www.acorde.cz\/wp-content\/uploads\/wallet-gf8e163e2c_640.jpg","height":0,"width":0},"wordCount":638,"keywords":null},{"@type":"Article","@id":"https:\/\/www.acorde.cz\/vyuzivejte-svou-zahradu\/","headline":"Vyu\u017e\u00edvejte svou zahradu","url":"https:\/\/www.acorde.cz\/vyuzivejte-svou-zahradu\/","datePublished":"2022-02-28","dateModified":"2023-12-08","mainEntityOfPage":"https:\/\/www.acorde.cz\/vyuzivejte-svou-zahradu\/","author":{"@type":"Person","@id":"https:\/\/www.acorde.cz\/author\/#Person","name":"","url":"https:\/\/www.acorde.cz\/author\/","identifier":1,"image":{"@type":"ImageObject","@id":"https:\/\/secure.gravatar.com\/avatar\/3c4e99fa9a9806cd5e8fd7cac6ca73ff5bbf5f3ee309e1745415eebd31482909?s=96&d=mm&r=g","url":"https:\/\/secure.gravatar.com\/avatar\/3c4e99fa9a9806cd5e8fd7cac6ca73ff5bbf5f3ee309e1745415eebd31482909?s=96&d=mm&r=g","height":96,"width":96}},"publisher":{"@type":"Organization","name":"acorde.cz","logo":{"@type":"ImageObject","@id":"\/logo.png","url":"\/logo.png","width":600,"height":60}},"image":{"@type":"ImageObject","@id":"https:\/\/www.acorde.cz\/wp-content\/uploads\/garden-g0b111c824_640.jpg","url":"https:\/\/www.acorde.cz\/wp-content\/uploads\/garden-g0b111c824_640.jpg","height":0,"width":0},"wordCount":569,"keywords":null},{"@type":"Article","@id":"https:\/\/www.acorde.cz\/maliny-jako-chutna-svacinka\/","headline":"Maliny jako chutn\u00e1 sva\u010dinka","url":"https:\/\/www.acorde.cz\/maliny-jako-chutna-svacinka\/","datePublished":"2022-01-17","dateModified":"2023-05-06","mainEntityOfPage":"https:\/\/www.acorde.cz\/maliny-jako-chutna-svacinka\/","author":{"@type":"Person","@id":"https:\/\/www.acorde.cz\/author\/#Person","name":"","url":"https:\/\/www.acorde.cz\/author\/","identifier":1,"image":{"@type":"ImageObject","@id":"https:\/\/secure.gravatar.com\/avatar\/3c4e99fa9a9806cd5e8fd7cac6ca73ff5bbf5f3ee309e1745415eebd31482909?s=96&d=mm&r=g","url":"https:\/\/secure.gravatar.com\/avatar\/3c4e99fa9a9806cd5e8fd7cac6ca73ff5bbf5f3ee309e1745415eebd31482909?s=96&d=mm&r=g","height":96,"width":96}},"publisher":{"@type":"Organization","name":"acorde.cz","logo":{"@type":"ImageObject","@id":"\/logo.png","url":"\/logo.png","width":600,"height":60}},"image":{"@type":"ImageObject","@id":"https:\/\/www.acorde.cz\/wp-content\/uploads\/OIP%20(12).jpg","url":"https:\/\/www.acorde.cz\/wp-content\/uploads\/OIP%20(12).jpg","height":0,"width":0},"wordCount":602,"keywords":null},{"@type":"Article","@id":"https:\/\/www.acorde.cz\/co-vse-se-bere-v-uvahu-pri-oceneni-auta-pri-jeho-prodeji\/","headline":"Co v\u0161e se bere v \u00favahu p\u0159i ocen\u011bn\u00ed auta p\u0159i jeho prodeji","url":"https:\/\/www.acorde.cz\/co-vse-se-bere-v-uvahu-pri-oceneni-auta-pri-jeho-prodeji\/","datePublished":"2022-01-14","dateModified":"2023-05-06","mainEntityOfPage":"https:\/\/www.acorde.cz\/co-vse-se-bere-v-uvahu-pri-oceneni-auta-pri-jeho-prodeji\/","author":{"@type":"Person","@id":"https:\/\/www.acorde.cz\/author\/#Person","name":"","url":"https:\/\/www.acorde.cz\/author\/","identifier":1,"image":{"@type":"ImageObject","@id":"https:\/\/secure.gravatar.com\/avatar\/3c4e99fa9a9806cd5e8fd7cac6ca73ff5bbf5f3ee309e1745415eebd31482909?s=96&d=mm&r=g","url":"https:\/\/secure.gravatar.com\/avatar\/3c4e99fa9a9806cd5e8fd7cac6ca73ff5bbf5f3ee309e1745415eebd31482909?s=96&d=mm&r=g","height":96,"width":96}},"publisher":{"@type":"Organization","name":"acorde.cz","logo":{"@type":"ImageObject","@id":"\/logo.png","url":"\/logo.png","width":600,"height":60}},"image":{"@type":"ImageObject","@id":"https:\/\/www.acorde.cz\/wp-content\/uploads\/auto2_10_10_3.jpg","url":"https:\/\/www.acorde.cz\/wp-content\/uploads\/auto2_10_10_3.jpg","height":0,"width":0},"wordCount":599,"keywords":null},{"@type":"Article","@id":"https:\/\/www.acorde.cz\/the-best-holiday\/","headline":"The best holiday","url":"https:\/\/www.acorde.cz\/the-best-holiday\/","datePublished":"2021-12-25","dateModified":"2023-05-06","mainEntityOfPage":"https:\/\/www.acorde.cz\/the-best-holiday\/","author":{"@type":"Person","@id":"https:\/\/www.acorde.cz\/author\/#Person","name":"","url":"https:\/\/www.acorde.cz\/author\/","identifier":1,"image":{"@type":"ImageObject","@id":"https:\/\/secure.gravatar.com\/avatar\/3c4e99fa9a9806cd5e8fd7cac6ca73ff5bbf5f3ee309e1745415eebd31482909?s=96&d=mm&r=g","url":"https:\/\/secure.gravatar.com\/avatar\/3c4e99fa9a9806cd5e8fd7cac6ca73ff5bbf5f3ee309e1745415eebd31482909?s=96&d=mm&r=g","height":96,"width":96}},"publisher":{"@type":"Organization","name":"acorde.cz","logo":{"@type":"ImageObject","@id":"\/logo.png","url":"\/logo.png","width":600,"height":60}},"image":{"@type":"ImageObject","@id":"https:\/\/www.acorde.cz\/wp-content\/uploads\/alpine-g7c401843d_640_3.jpg","url":"https:\/\/www.acorde.cz\/wp-content\/uploads\/alpine-g7c401843d_640_3.jpg","height":0,"width":0},"wordCount":501,"keywords":null},{"@type":"Article","@id":"https:\/\/www.acorde.cz\/stehovani-v-praze-1-se-da-zvladnout-docela-hrave-i-v-neobvyklou-denni-dobu\/","headline":"St\u011bhov\u00e1n\u00ed v Praze 1 se d\u00e1 zvl\u00e1dnout docela hrav\u011b i v neobvyklou denn\u00ed dobu","url":"https:\/\/www.acorde.cz\/stehovani-v-praze-1-se-da-zvladnout-docela-hrave-i-v-neobvyklou-denni-dobu\/","datePublished":"2021-11-20","dateModified":"2023-05-06","mainEntityOfPage":"https:\/\/www.acorde.cz\/stehovani-v-praze-1-se-da-zvladnout-docela-hrave-i-v-neobvyklou-denni-dobu\/","author":{"@type":"Person","@id":"https:\/\/www.acorde.cz\/author\/#Person","name":"","url":"https:\/\/www.acorde.cz\/author\/","identifier":1,"image":{"@type":"ImageObject","@id":"https:\/\/secure.gravatar.com\/avatar\/3c4e99fa9a9806cd5e8fd7cac6ca73ff5bbf5f3ee309e1745415eebd31482909?s=96&d=mm&r=g","url":"https:\/\/secure.gravatar.com\/avatar\/3c4e99fa9a9806cd5e8fd7cac6ca73ff5bbf5f3ee309e1745415eebd31482909?s=96&d=mm&r=g","height":96,"width":96}},"publisher":{"@type":"Organization","name":"acorde.cz","logo":{"@type":"ImageObject","@id":"\/logo.png","url":"\/logo.png","width":600,"height":60}},"image":{"@type":"ImageObject","@id":"https:\/\/www.acorde.cz\/wp-content\/uploads\/nest-g3707d3167_640.jpg","url":"https:\/\/www.acorde.cz\/wp-content\/uploads\/nest-g3707d3167_640.jpg","height":0,"width":0},"wordCount":592,"keywords":null},{"@type":"Article","@id":"https:\/\/www.acorde.cz\/zvolte-vhodny-promo-darek\/","headline":"Zvolte vhodn\u00fd promo d\u00e1rek","url":"https:\/\/www.acorde.cz\/zvolte-vhodny-promo-darek\/","datePublished":"2021-11-10","dateModified":"2023-05-06","mainEntityOfPage":"https:\/\/www.acorde.cz\/zvolte-vhodny-promo-darek\/","author":{"@type":"Person","@id":"https:\/\/www.acorde.cz\/author\/#Person","name":"","url":"https:\/\/www.acorde.cz\/author\/","identifier":1,"image":{"@type":"ImageObject","@id":"https:\/\/secure.gravatar.com\/avatar\/3c4e99fa9a9806cd5e8fd7cac6ca73ff5bbf5f3ee309e1745415eebd31482909?s=96&d=mm&r=g","url":"https:\/\/secure.gravatar.com\/avatar\/3c4e99fa9a9806cd5e8fd7cac6ca73ff5bbf5f3ee309e1745415eebd31482909?s=96&d=mm&r=g","height":96,"width":96}},"publisher":{"@type":"Organization","name":"acorde.cz","logo":{"@type":"ImageObject","@id":"\/logo.png","url":"\/logo.png","width":600,"height":60}},"image":{"@type":"ImageObject","@id":"https:\/\/www.acorde.cz\/wp-content\/uploads\/table-warm-cute-celebration-gift-decoration-1373626-pxhere.com.jpg","url":"https:\/\/www.acorde.cz\/wp-content\/uploads\/table-warm-cute-celebration-gift-decoration-1373626-pxhere.com.jpg","height":0,"width":0},"wordCount":557,"keywords":null},{"@type":"Article","@id":"https:\/\/www.acorde.cz\/kdo-vyuzije-pristroj-fulltone-ocd-v2\/","headline":"Kdo vyu\u017eije p\u0159\u00edstroj fulltone ocd v2","url":"https:\/\/www.acorde.cz\/kdo-vyuzije-pristroj-fulltone-ocd-v2\/","datePublished":"2021-10-21","dateModified":"2023-05-06","mainEntityOfPage":"https:\/\/www.acorde.cz\/kdo-vyuzije-pristroj-fulltone-ocd-v2\/","author":{"@type":"Person","@id":"https:\/\/www.acorde.cz\/author\/#Person","name":"","url":"https:\/\/www.acorde.cz\/author\/","identifier":1,"image":{"@type":"ImageObject","@id":"https:\/\/secure.gravatar.com\/avatar\/3c4e99fa9a9806cd5e8fd7cac6ca73ff5bbf5f3ee309e1745415eebd31482909?s=96&d=mm&r=g","url":"https:\/\/secure.gravatar.com\/avatar\/3c4e99fa9a9806cd5e8fd7cac6ca73ff5bbf5f3ee309e1745415eebd31482909?s=96&d=mm&r=g","height":96,"width":96}},"publisher":{"@type":"Organization","name":"acorde.cz","logo":{"@type":"ImageObject","@id":"\/logo.png","url":"\/logo.png","width":600,"height":60}},"image":{"@type":"ImageObject","@id":"https:\/\/www.acorde.cz\/wp-content\/uploads\/muzika1.jpg","url":"https:\/\/www.acorde.cz\/wp-content\/uploads\/muzika1.jpg","height":0,"width":0},"wordCount":672,"keywords":null},{"@type":"Article","@id":"https:\/\/www.acorde.cz\/plot-k-domu\/","headline":"Plot k domu","url":"https:\/\/www.acorde.cz\/plot-k-domu\/","datePublished":"2021-09-22","dateModified":"2023-05-06","mainEntityOfPage":"https:\/\/www.acorde.cz\/plot-k-domu\/","author":{"@type":"Person","@id":"https:\/\/www.acorde.cz\/author\/#Person","name":"","url":"https:\/\/www.acorde.cz\/author\/","identifier":1,"image":{"@type":"ImageObject","@id":"https:\/\/secure.gravatar.com\/avatar\/3c4e99fa9a9806cd5e8fd7cac6ca73ff5bbf5f3ee309e1745415eebd31482909?s=96&d=mm&r=g","url":"https:\/\/secure.gravatar.com\/avatar\/3c4e99fa9a9806cd5e8fd7cac6ca73ff5bbf5f3ee309e1745415eebd31482909?s=96&d=mm&r=g","height":96,"width":96}},"publisher":{"@type":"Organization","name":"acorde.cz","logo":{"@type":"ImageObject","@id":"\/logo.png","url":"\/logo.png","width":600,"height":60}},"image":{"@type":"ImageObject","@id":"https:\/\/www.acorde.cz\/wp-content\/uploads\/betonov%C3%A9%20ploty.jpg","url":"https:\/\/www.acorde.cz\/wp-content\/uploads\/betonov%C3%A9%20ploty.jpg","height":0,"width":0},"wordCount":574,"keywords":null},{"@type":"Article","@id":"https:\/\/www.acorde.cz\/strojni-cisteni-kobercu-je-zbavi-i-plisni-a-zatuchliny\/","headline":"Strojn\u00ed \u010di\u0161t\u011bn\u00ed koberc\u016f je zbav\u00ed i pl\u00edsn\u00ed a zatuchliny","url":"https:\/\/www.acorde.cz\/strojni-cisteni-kobercu-je-zbavi-i-plisni-a-zatuchliny\/","datePublished":"2021-08-20","dateModified":"2023-05-06","mainEntityOfPage":"https:\/\/www.acorde.cz\/strojni-cisteni-kobercu-je-zbavi-i-plisni-a-zatuchliny\/","author":{"@type":"Person","@id":"https:\/\/www.acorde.cz\/author\/#Person","name":"","url":"https:\/\/www.acorde.cz\/author\/","identifier":1,"image":{"@type":"ImageObject","@id":"https:\/\/secure.gravatar.com\/avatar\/3c4e99fa9a9806cd5e8fd7cac6ca73ff5bbf5f3ee309e1745415eebd31482909?s=96&d=mm&r=g","url":"https:\/\/secure.gravatar.com\/avatar\/3c4e99fa9a9806cd5e8fd7cac6ca73ff5bbf5f3ee309e1745415eebd31482909?s=96&d=mm&r=g","height":96,"width":96}},"publisher":{"@type":"Organization","name":"acorde.cz","logo":{"@type":"ImageObject","@id":"\/logo.png","url":"\/logo.png","width":600,"height":60}},"image":{"@type":"ImageObject","@id":"https:\/\/www.acorde.cz\/wp-content\/uploads\/koberec%20na%20podlaze_9.jpg","url":"https:\/\/www.acorde.cz\/wp-content\/uploads\/koberec%20na%20podlaze_9.jpg","height":0,"width":0},"wordCount":671,"keywords":null}]},{"@context":"https:\/\/schema.org","@type":"WebSite","@id":"https:\/\/www.acorde.cz\/#website","name":"Acorde","url":"https:\/\/www.acorde.cz","potentialAction":{"@type":"SearchAction","target":"https:\/\/www.acorde.cz\/?s={search_term_string}","query-input":"required name=search_term_string"}}]