[{"@context":"https:\/\/schema.org\/","@type":"Blog","@id":"https:\/\/www.acorde.cz#Blog","headline":"Acorde","description":"\nNa na\u0161em webu si cen\u00edme \u010dist\u00e9 pravdy nade v\u0161e. A raz\u00edme ji tu, i kdyby n\u00e1m to snad n\u011bkdy nebylo ku prosp\u011bchu. T\u0159eba to dok\u00e1\u017eete n\u00e1le\u017eit\u011b ocenit.","url":"https:\/\/www.acorde.cz","hasPart":[{"@type":"Article","@id":"https:\/\/www.acorde.cz\/vanocni-trendy-2023\/","headline":"V\u00e1no\u010dn\u00ed trendy 2023","url":"https:\/\/www.acorde.cz\/vanocni-trendy-2023\/","datePublished":"2022-12-14","dateModified":"2022-12-14","mainEntityOfPage":"https:\/\/www.acorde.cz\/vanocni-trendy-2023\/","author":{"@type":"Person","@id":"https:\/\/www.acorde.cz\/author\/#Person","name":"","url":"https:\/\/www.acorde.cz\/author\/","identifier":1,"image":{"@type":"ImageObject","@id":"https:\/\/secure.gravatar.com\/avatar\/3c4e99fa9a9806cd5e8fd7cac6ca73ff5bbf5f3ee309e1745415eebd31482909?s=96&d=mm&r=g","url":"https:\/\/secure.gravatar.com\/avatar\/3c4e99fa9a9806cd5e8fd7cac6ca73ff5bbf5f3ee309e1745415eebd31482909?s=96&d=mm&r=g","height":96,"width":96}},"publisher":{"@type":"Organization","name":"acorde.cz","logo":{"@type":"ImageObject","@id":"\/logo.png","url":"\/logo.png","width":600,"height":60}},"image":{"@type":"ImageObject","@id":"https:\/\/www.acorde.cz\/wp-content\/uploads\/masni-1406519_640_1.jpg","url":"https:\/\/www.acorde.cz\/wp-content\/uploads\/masni-1406519_640_1.jpg","height":0,"width":0},"wordCount":662,"keywords":null},{"@type":"Article","@id":"https:\/\/www.acorde.cz\/typ-postavy-obdelnik-co-nosit-a-cemu-se-vyvarovat\/","headline":"Typ postavy obd\u00e9ln\u00edk &#8211; co nosit a \u010demu se vyvarovat?","url":"https:\/\/www.acorde.cz\/typ-postavy-obdelnik-co-nosit-a-cemu-se-vyvarovat\/","datePublished":"2022-10-25","dateModified":"2023-05-06","mainEntityOfPage":"https:\/\/www.acorde.cz\/typ-postavy-obdelnik-co-nosit-a-cemu-se-vyvarovat\/","author":{"@type":"Person","@id":"https:\/\/www.acorde.cz\/author\/#Person","name":"","url":"https:\/\/www.acorde.cz\/author\/","identifier":1,"image":{"@type":"ImageObject","@id":"https:\/\/secure.gravatar.com\/avatar\/3c4e99fa9a9806cd5e8fd7cac6ca73ff5bbf5f3ee309e1745415eebd31482909?s=96&d=mm&r=g","url":"https:\/\/secure.gravatar.com\/avatar\/3c4e99fa9a9806cd5e8fd7cac6ca73ff5bbf5f3ee309e1745415eebd31482909?s=96&d=mm&r=g","height":96,"width":96}},"publisher":{"@type":"Organization","name":"acorde.cz","logo":{"@type":"ImageObject","@id":"\/logo.png","url":"\/logo.png","width":600,"height":60}},"image":{"@type":"ImageObject","@id":"https:\/\/www.acorde.cz\/wp-content\/uploads\/pexels-gustavo-almeida-3015142.jpg","url":"https:\/\/www.acorde.cz\/wp-content\/uploads\/pexels-gustavo-almeida-3015142.jpg","height":0,"width":0},"wordCount":1186,"keywords":null},{"@type":"Article","@id":"https:\/\/www.acorde.cz\/varovne-signaly\/","headline":"Varovn\u00e9 sign\u00e1ly","url":"https:\/\/www.acorde.cz\/varovne-signaly\/","datePublished":"2022-06-19","dateModified":"2023-05-06","mainEntityOfPage":"https:\/\/www.acorde.cz\/varovne-signaly\/","author":{"@type":"Person","@id":"https:\/\/www.acorde.cz\/author\/#Person","name":"","url":"https:\/\/www.acorde.cz\/author\/","identifier":1,"image":{"@type":"ImageObject","@id":"https:\/\/secure.gravatar.com\/avatar\/3c4e99fa9a9806cd5e8fd7cac6ca73ff5bbf5f3ee309e1745415eebd31482909?s=96&d=mm&r=g","url":"https:\/\/secure.gravatar.com\/avatar\/3c4e99fa9a9806cd5e8fd7cac6ca73ff5bbf5f3ee309e1745415eebd31482909?s=96&d=mm&r=g","height":96,"width":96}},"publisher":{"@type":"Organization","name":"acorde.cz","logo":{"@type":"ImageObject","@id":"\/logo.png","url":"\/logo.png","width":600,"height":60}},"image":{"@type":"ImageObject","@id":"https:\/\/www.acorde.cz\/wp-content\/uploads\/LUH81eb23_profimedia_0142945110.jpg","url":"https:\/\/www.acorde.cz\/wp-content\/uploads\/LUH81eb23_profimedia_0142945110.jpg","height":0,"width":0},"wordCount":546,"keywords":null},{"@type":"Article","@id":"https:\/\/www.acorde.cz\/svatebni-dary\/","headline":"Svatebn\u00ed dary","url":"https:\/\/www.acorde.cz\/svatebni-dary\/","datePublished":"2022-06-19","dateModified":"2023-05-06","mainEntityOfPage":"https:\/\/www.acorde.cz\/svatebni-dary\/","author":{"@type":"Person","@id":"https:\/\/www.acorde.cz\/author\/#Person","name":"","url":"https:\/\/www.acorde.cz\/author\/","identifier":1,"image":{"@type":"ImageObject","@id":"https:\/\/secure.gravatar.com\/avatar\/3c4e99fa9a9806cd5e8fd7cac6ca73ff5bbf5f3ee309e1745415eebd31482909?s=96&d=mm&r=g","url":"https:\/\/secure.gravatar.com\/avatar\/3c4e99fa9a9806cd5e8fd7cac6ca73ff5bbf5f3ee309e1745415eebd31482909?s=96&d=mm&r=g","height":96,"width":96}},"publisher":{"@type":"Organization","name":"acorde.cz","logo":{"@type":"ImageObject","@id":"\/logo.png","url":"\/logo.png","width":600,"height":60}},"image":{"@type":"ImageObject","@id":"https:\/\/www.acorde.cz\/wp-content\/uploads\/couple-gb345a2f2f_640.jpg","url":"https:\/\/www.acorde.cz\/wp-content\/uploads\/couple-gb345a2f2f_640.jpg","height":0,"width":0},"wordCount":607,"keywords":null},{"@type":"Article","@id":"https:\/\/www.acorde.cz\/skladovaci-a-prepravni-kontejnery-pro-chemicky-prumysl\/","headline":"Skladovac\u00ed a p\u0159epravn\u00ed kontejnery pro chemick\u00fd pr\u016fmysl","url":"https:\/\/www.acorde.cz\/skladovaci-a-prepravni-kontejnery-pro-chemicky-prumysl\/","datePublished":"2022-06-14","dateModified":"2023-07-21","mainEntityOfPage":"https:\/\/www.acorde.cz\/skladovaci-a-prepravni-kontejnery-pro-chemicky-prumysl\/","author":{"@type":"Person","@id":"https:\/\/www.acorde.cz\/author\/#Person","name":"","url":"https:\/\/www.acorde.cz\/author\/","identifier":1,"image":{"@type":"ImageObject","@id":"https:\/\/secure.gravatar.com\/avatar\/3c4e99fa9a9806cd5e8fd7cac6ca73ff5bbf5f3ee309e1745415eebd31482909?s=96&d=mm&r=g","url":"https:\/\/secure.gravatar.com\/avatar\/3c4e99fa9a9806cd5e8fd7cac6ca73ff5bbf5f3ee309e1745415eebd31482909?s=96&d=mm&r=g","height":96,"width":96}},"publisher":{"@type":"Organization","name":"acorde.cz","logo":{"@type":"ImageObject","@id":"\/logo.png","url":"\/logo.png","width":600,"height":60}},"image":{"@type":"ImageObject","@id":"https:\/\/www.acorde.cz\/wp-content\/uploads\/refinery-3613522_640.jpg","url":"https:\/\/www.acorde.cz\/wp-content\/uploads\/refinery-3613522_640.jpg","height":0,"width":0},"wordCount":572,"keywords":null},{"@type":"Article","@id":"https:\/\/www.acorde.cz\/leginy-nejen-na-cviceni\/","headline":"Leg\u00edny nejen na cvi\u010den\u00ed","url":"https:\/\/www.acorde.cz\/leginy-nejen-na-cviceni\/","datePublished":"2022-06-12","dateModified":"2023-05-06","mainEntityOfPage":"https:\/\/www.acorde.cz\/leginy-nejen-na-cviceni\/","author":{"@type":"Person","@id":"https:\/\/www.acorde.cz\/author\/#Person","name":"","url":"https:\/\/www.acorde.cz\/author\/","identifier":1,"image":{"@type":"ImageObject","@id":"https:\/\/secure.gravatar.com\/avatar\/3c4e99fa9a9806cd5e8fd7cac6ca73ff5bbf5f3ee309e1745415eebd31482909?s=96&d=mm&r=g","url":"https:\/\/secure.gravatar.com\/avatar\/3c4e99fa9a9806cd5e8fd7cac6ca73ff5bbf5f3ee309e1745415eebd31482909?s=96&d=mm&r=g","height":96,"width":96}},"publisher":{"@type":"Organization","name":"acorde.cz","logo":{"@type":"ImageObject","@id":"\/logo.png","url":"\/logo.png","width":600,"height":60}},"image":{"@type":"ImageObject","@id":"https:\/\/www.acorde.cz\/wp-content\/uploads\/12515664_eqltvrpjy-b.jpg","url":"https:\/\/www.acorde.cz\/wp-content\/uploads\/12515664_eqltvrpjy-b.jpg","height":0,"width":0},"wordCount":692,"keywords":null},{"@type":"Article","@id":"https:\/\/www.acorde.cz\/tento-zubni-lekar-vas-prijme-nevahejte-dokud-jsou-volna-mista\/","headline":"Tento zubn\u00ed l\u00e9ka\u0159 V\u00e1s p\u0159ijme &#8211; nev\u00e1hejte dokud jsou voln\u00e1 m\u00edsta!","url":"https:\/\/www.acorde.cz\/tento-zubni-lekar-vas-prijme-nevahejte-dokud-jsou-volna-mista\/","datePublished":"2022-05-23","dateModified":"2023-05-06","mainEntityOfPage":"https:\/\/www.acorde.cz\/tento-zubni-lekar-vas-prijme-nevahejte-dokud-jsou-volna-mista\/","author":{"@type":"Person","@id":"https:\/\/www.acorde.cz\/author\/#Person","name":"","url":"https:\/\/www.acorde.cz\/author\/","identifier":1,"image":{"@type":"ImageObject","@id":"https:\/\/secure.gravatar.com\/avatar\/3c4e99fa9a9806cd5e8fd7cac6ca73ff5bbf5f3ee309e1745415eebd31482909?s=96&d=mm&r=g","url":"https:\/\/secure.gravatar.com\/avatar\/3c4e99fa9a9806cd5e8fd7cac6ca73ff5bbf5f3ee309e1745415eebd31482909?s=96&d=mm&r=g","height":96,"width":96}},"publisher":{"@type":"Organization","name":"acorde.cz","logo":{"@type":"ImageObject","@id":"\/logo.png","url":"\/logo.png","width":600,"height":60}},"image":{"@type":"ImageObject","@id":"https:\/\/www.acorde.cz\/wp-content\/uploads\/pexels-robert-golebiewski-3663999.jpg","url":"https:\/\/www.acorde.cz\/wp-content\/uploads\/pexels-robert-golebiewski-3663999.jpg","height":0,"width":0},"wordCount":577,"keywords":null},{"@type":"Article","@id":"https:\/\/www.acorde.cz\/jak-spravne-vybrat-sidlo-firmy\/","headline":"Jak spr\u00e1vn\u011b vybrat s\u00eddlo firmy","url":"https:\/\/www.acorde.cz\/jak-spravne-vybrat-sidlo-firmy\/","datePublished":"2022-05-14","dateModified":"2023-05-06","mainEntityOfPage":"https:\/\/www.acorde.cz\/jak-spravne-vybrat-sidlo-firmy\/","author":{"@type":"Person","@id":"https:\/\/www.acorde.cz\/author\/#Person","name":"","url":"https:\/\/www.acorde.cz\/author\/","identifier":1,"image":{"@type":"ImageObject","@id":"https:\/\/secure.gravatar.com\/avatar\/3c4e99fa9a9806cd5e8fd7cac6ca73ff5bbf5f3ee309e1745415eebd31482909?s=96&d=mm&r=g","url":"https:\/\/secure.gravatar.com\/avatar\/3c4e99fa9a9806cd5e8fd7cac6ca73ff5bbf5f3ee309e1745415eebd31482909?s=96&d=mm&r=g","height":96,"width":96}},"publisher":{"@type":"Organization","name":"acorde.cz","logo":{"@type":"ImageObject","@id":"\/logo.png","url":"\/logo.png","width":600,"height":60}},"image":{"@type":"ImageObject","@id":"https:\/\/www.acorde.cz\/wp-content\/uploads\/sidlofirmy4_1.jpg","url":"https:\/\/www.acorde.cz\/wp-content\/uploads\/sidlofirmy4_1.jpg","height":0,"width":0},"wordCount":667,"keywords":null},{"@type":"Article","@id":"https:\/\/www.acorde.cz\/jak-si-uzit-vanoce-i-kdyz-jste-single\/","headline":"Jak si u\u017e\u00edt V\u00e1noce i kdy\u017e jste single","url":"https:\/\/www.acorde.cz\/jak-si-uzit-vanoce-i-kdyz-jste-single\/","datePublished":"2022-05-07","dateModified":"2022-05-07","mainEntityOfPage":"https:\/\/www.acorde.cz\/jak-si-uzit-vanoce-i-kdyz-jste-single\/","author":{"@type":"Person","@id":"https:\/\/www.acorde.cz\/author\/#Person","name":"","url":"https:\/\/www.acorde.cz\/author\/","identifier":1,"image":{"@type":"ImageObject","@id":"https:\/\/secure.gravatar.com\/avatar\/3c4e99fa9a9806cd5e8fd7cac6ca73ff5bbf5f3ee309e1745415eebd31482909?s=96&d=mm&r=g","url":"https:\/\/secure.gravatar.com\/avatar\/3c4e99fa9a9806cd5e8fd7cac6ca73ff5bbf5f3ee309e1745415eebd31482909?s=96&d=mm&r=g","height":96,"width":96}},"publisher":{"@type":"Organization","name":"acorde.cz","logo":{"@type":"ImageObject","@id":"\/logo.png","url":"\/logo.png","width":600,"height":60}},"image":{"@type":"ImageObject","@id":"https:\/\/www.acorde.cz\/wp-content\/uploads\/portrait-3190849_960_720_3.jpg","url":"https:\/\/www.acorde.cz\/wp-content\/uploads\/portrait-3190849_960_720_3.jpg","height":0,"width":0},"wordCount":541,"keywords":null},{"@type":"Article","@id":"https:\/\/www.acorde.cz\/kazdy-jsme-jiny\/","headline":"Ka\u017ed\u00fd jsme jin\u00fd","url":"https:\/\/www.acorde.cz\/kazdy-jsme-jiny\/","datePublished":"2022-04-23","dateModified":"2023-05-06","mainEntityOfPage":"https:\/\/www.acorde.cz\/kazdy-jsme-jiny\/","author":{"@type":"Person","@id":"https:\/\/www.acorde.cz\/author\/#Person","name":"","url":"https:\/\/www.acorde.cz\/author\/","identifier":1,"image":{"@type":"ImageObject","@id":"https:\/\/secure.gravatar.com\/avatar\/3c4e99fa9a9806cd5e8fd7cac6ca73ff5bbf5f3ee309e1745415eebd31482909?s=96&d=mm&r=g","url":"https:\/\/secure.gravatar.com\/avatar\/3c4e99fa9a9806cd5e8fd7cac6ca73ff5bbf5f3ee309e1745415eebd31482909?s=96&d=mm&r=g","height":96,"width":96}},"publisher":{"@type":"Organization","name":"acorde.cz","logo":{"@type":"ImageObject","@id":"\/logo.png","url":"\/logo.png","width":600,"height":60}},"image":{"@type":"ImageObject","@id":"https:\/\/www.acorde.cz\/wp-content\/uploads\/eye-gc95db93ae_640.jpg","url":"https:\/\/www.acorde.cz\/wp-content\/uploads\/eye-gc95db93ae_640.jpg","height":0,"width":0},"wordCount":560,"keywords":null}]},{"@context":"https:\/\/schema.org","@type":"WebSite","@id":"https:\/\/www.acorde.cz\/#website","name":"Acorde","url":"https:\/\/www.acorde.cz","potentialAction":{"@type":"SearchAction","target":"https:\/\/www.acorde.cz\/?s={search_term_string}","query-input":"required name=search_term_string"}}]