{"@context":"https:\/\/schema.org\/","@type":"CollectionPage","@id":"https:\/\/www.acorde.cz\/online\/#CollectionPage","headline":"Online Category","description":"","url":"https:\/\/www.acorde.cz\/online\/","hasPart":[{"@type":"Article","@id":"https:\/\/www.acorde.cz\/online-prehravani-filmu\/","headline":"Online p\u0159ehr\u00e1v\u00e1n\u00ed film\u016f","url":"https:\/\/www.acorde.cz\/online-prehravani-filmu\/","datePublished":"2023-05-06","dateModified":"2023-05-06","mainEntityOfPage":"https:\/\/www.acorde.cz\/online-prehravani-filmu\/","author":{"@type":"Person","@id":"https:\/\/www.acorde.cz\/author\/#Person","name":"","url":"https:\/\/www.acorde.cz\/author\/","identifier":1,"image":{"@type":"ImageObject","@id":"https:\/\/secure.gravatar.com\/avatar\/3c4e99fa9a9806cd5e8fd7cac6ca73ff5bbf5f3ee309e1745415eebd31482909?s=96&d=mm&r=g","url":"https:\/\/secure.gravatar.com\/avatar\/3c4e99fa9a9806cd5e8fd7cac6ca73ff5bbf5f3ee309e1745415eebd31482909?s=96&d=mm&r=g","height":96,"width":96}},"publisher":{"@type":"Organization","name":"acorde.cz","logo":{"@type":"ImageObject","@id":"\/logo.png","url":"\/logo.png","width":600,"height":60}},"image":{"@type":"ImageObject","@id":"https:\/\/www.acorde.cz\/wp-content\/uploads\/img_a329621_w2688_t1542107066.jpg","url":"https:\/\/www.acorde.cz\/wp-content\/uploads\/img_a329621_w2688_t1542107066.jpg","height":0,"width":0},"keywords":null},{"@type":"Article","@id":"https:\/\/www.acorde.cz\/typ-postavy-obdelnik-co-nosit-a-cemu-se-vyvarovat\/","headline":"Typ postavy obd\u00e9ln\u00edk &#8211; co nosit a \u010demu se vyvarovat?","url":"https:\/\/www.acorde.cz\/typ-postavy-obdelnik-co-nosit-a-cemu-se-vyvarovat\/","datePublished":"2022-10-25","dateModified":"2023-05-06","mainEntityOfPage":"https:\/\/www.acorde.cz\/typ-postavy-obdelnik-co-nosit-a-cemu-se-vyvarovat\/","author":{"@type":"Person","@id":"https:\/\/www.acorde.cz\/author\/#Person","name":"","url":"https:\/\/www.acorde.cz\/author\/","identifier":1,"image":{"@type":"ImageObject","@id":"https:\/\/secure.gravatar.com\/avatar\/3c4e99fa9a9806cd5e8fd7cac6ca73ff5bbf5f3ee309e1745415eebd31482909?s=96&d=mm&r=g","url":"https:\/\/secure.gravatar.com\/avatar\/3c4e99fa9a9806cd5e8fd7cac6ca73ff5bbf5f3ee309e1745415eebd31482909?s=96&d=mm&r=g","height":96,"width":96}},"publisher":{"@type":"Organization","name":"acorde.cz","logo":{"@type":"ImageObject","@id":"\/logo.png","url":"\/logo.png","width":600,"height":60}},"image":{"@type":"ImageObject","@id":"https:\/\/www.acorde.cz\/wp-content\/uploads\/pexels-gustavo-almeida-3015142.jpg","url":"https:\/\/www.acorde.cz\/wp-content\/uploads\/pexels-gustavo-almeida-3015142.jpg","height":0,"width":0},"keywords":null},{"@type":"Article","@id":"https:\/\/www.acorde.cz\/varovne-signaly\/","headline":"Varovn\u00e9 sign\u00e1ly","url":"https:\/\/www.acorde.cz\/varovne-signaly\/","datePublished":"2022-06-19","dateModified":"2023-05-06","mainEntityOfPage":"https:\/\/www.acorde.cz\/varovne-signaly\/","author":{"@type":"Person","@id":"https:\/\/www.acorde.cz\/author\/#Person","name":"","url":"https:\/\/www.acorde.cz\/author\/","identifier":1,"image":{"@type":"ImageObject","@id":"https:\/\/secure.gravatar.com\/avatar\/3c4e99fa9a9806cd5e8fd7cac6ca73ff5bbf5f3ee309e1745415eebd31482909?s=96&d=mm&r=g","url":"https:\/\/secure.gravatar.com\/avatar\/3c4e99fa9a9806cd5e8fd7cac6ca73ff5bbf5f3ee309e1745415eebd31482909?s=96&d=mm&r=g","height":96,"width":96}},"publisher":{"@type":"Organization","name":"acorde.cz","logo":{"@type":"ImageObject","@id":"\/logo.png","url":"\/logo.png","width":600,"height":60}},"image":{"@type":"ImageObject","@id":"https:\/\/www.acorde.cz\/wp-content\/uploads\/LUH81eb23_profimedia_0142945110.jpg","url":"https:\/\/www.acorde.cz\/wp-content\/uploads\/LUH81eb23_profimedia_0142945110.jpg","height":0,"width":0},"keywords":null},{"@type":"Article","@id":"https:\/\/www.acorde.cz\/mate-uz-doma-svou-virtualni-menu\/","headline":"M\u00e1te u\u017e doma svou virtu\u00e1ln\u00ed m\u011bnu?","url":"https:\/\/www.acorde.cz\/mate-uz-doma-svou-virtualni-menu\/","datePublished":"2018-09-03","dateModified":"2023-05-06","mainEntityOfPage":"https:\/\/www.acorde.cz\/mate-uz-doma-svou-virtualni-menu\/","author":{"@type":"Person","@id":"https:\/\/www.acorde.cz\/author\/#Person","name":"","url":"https:\/\/www.acorde.cz\/author\/","identifier":1,"image":{"@type":"ImageObject","@id":"https:\/\/secure.gravatar.com\/avatar\/3c4e99fa9a9806cd5e8fd7cac6ca73ff5bbf5f3ee309e1745415eebd31482909?s=96&d=mm&r=g","url":"https:\/\/secure.gravatar.com\/avatar\/3c4e99fa9a9806cd5e8fd7cac6ca73ff5bbf5f3ee309e1745415eebd31482909?s=96&d=mm&r=g","height":96,"width":96}},"publisher":{"@type":"Organization","name":"acorde.cz","logo":{"@type":"ImageObject","@id":"\/logo.png","url":"\/logo.png","width":600,"height":60}},"image":{"@type":"ImageObject","@id":"https:\/\/www.acorde.cz\/wp-content\/uploads\/img_a326785_w1713_t1538969660.jpg","url":"https:\/\/www.acorde.cz\/wp-content\/uploads\/img_a326785_w1713_t1538969660.jpg","height":0,"width":0},"keywords":null},{"@type":"Article","@id":"https:\/\/www.acorde.cz\/vstup-na-internet-jeste-neznamena-priliv-novych-zakazniku\/","headline":"Vstup na internet je\u0161t\u011b neznamen\u00e1 p\u0159\u00edliv nov\u00fdch z\u00e1kazn\u00edk\u016f","url":"https:\/\/www.acorde.cz\/vstup-na-internet-jeste-neznamena-priliv-novych-zakazniku\/","datePublished":"2018-09-02","dateModified":"2023-05-06","mainEntityOfPage":"https:\/\/www.acorde.cz\/vstup-na-internet-jeste-neznamena-priliv-novych-zakazniku\/","author":{"@type":"Person","@id":"https:\/\/www.acorde.cz\/author\/#Person","name":"","url":"https:\/\/www.acorde.cz\/author\/","identifier":1,"image":{"@type":"ImageObject","@id":"https:\/\/secure.gravatar.com\/avatar\/3c4e99fa9a9806cd5e8fd7cac6ca73ff5bbf5f3ee309e1745415eebd31482909?s=96&d=mm&r=g","url":"https:\/\/secure.gravatar.com\/avatar\/3c4e99fa9a9806cd5e8fd7cac6ca73ff5bbf5f3ee309e1745415eebd31482909?s=96&d=mm&r=g","height":96,"width":96}},"publisher":{"@type":"Organization","name":"acorde.cz","logo":{"@type":"ImageObject","@id":"\/logo.png","url":"\/logo.png","width":600,"height":60}},"image":{"@type":"ImageObject","@id":"https:\/\/www.acorde.cz\/wp-content\/uploads\/img_a324966_w2688_t1536916564.jpg","url":"https:\/\/www.acorde.cz\/wp-content\/uploads\/img_a324966_w2688_t1536916564.jpg","height":0,"width":0},"keywords":null},{"@type":"Article","@id":"https:\/\/www.acorde.cz\/vsadte-na-tu-spravnou-pujcku\/","headline":"Vsa\u010fte na tu spr\u00e1vnou p\u016fj\u010dku","url":"https:\/\/www.acorde.cz\/vsadte-na-tu-spravnou-pujcku\/","datePublished":"2018-05-26","dateModified":"2023-05-06","mainEntityOfPage":"https:\/\/www.acorde.cz\/vsadte-na-tu-spravnou-pujcku\/","author":{"@type":"Person","@id":"https:\/\/www.acorde.cz\/author\/#Person","name":"","url":"https:\/\/www.acorde.cz\/author\/","identifier":1,"image":{"@type":"ImageObject","@id":"https:\/\/secure.gravatar.com\/avatar\/3c4e99fa9a9806cd5e8fd7cac6ca73ff5bbf5f3ee309e1745415eebd31482909?s=96&d=mm&r=g","url":"https:\/\/secure.gravatar.com\/avatar\/3c4e99fa9a9806cd5e8fd7cac6ca73ff5bbf5f3ee309e1745415eebd31482909?s=96&d=mm&r=g","height":96,"width":96}},"publisher":{"@type":"Organization","name":"acorde.cz","logo":{"@type":"ImageObject","@id":"\/logo.png","url":"\/logo.png","width":600,"height":60}},"image":{"@type":"ImageObject","@id":"https:\/\/www.acorde.cz\/wp-content\/uploads\/img_a317752_w1765_t1528550383.jpg","url":"https:\/\/www.acorde.cz\/wp-content\/uploads\/img_a317752_w1765_t1528550383.jpg","height":0,"width":0},"keywords":null}]}