[{"@context":"https:\/\/schema.org\/","@type":"Article","@id":"https:\/\/www.acorde.cz\/obleknout-se-na-hory\/#Article","mainEntityOfPage":"https:\/\/www.acorde.cz\/obleknout-se-na-hory\/","headline":"Obl\u00e9knout se na hory","name":"Obl\u00e9knout se na hory","description":"Rodi\u010de ur\u010dit\u011b zajist\u00e9 potvrd\u00ed ten fakt, \u017ee kupovat n\u011bco dra\u017e\u0161\u00edho d\u011btem je pro n\u011b naprosto vylu\u010duj\u00edc\u00ed mo\u017enost, proto\u017ee pokud tak u\u010din\u00ed tuto zimu. P\u0159\u00ed\u0161t\u00ed rok budou zase muset kupovat nov\u00e9 a nov\u00e9 oble\u010den\u00ed, proto\u017ee d\u011bti zkr\u00e1tka rychle rostou, ne\u017e dosp\u011bj\u00ed. V\u011bd\u011bli jste ale to, \u017ee n\u011bkter\u00e9 sv\u011btov\u00e9 zna\u010dky u\u017e na tohle tak\u00e9 p\u0159i\u0161ly a d\u011blaj\u00ed takzvan\u011b rostouc\u00ed oble\u010den\u00ed, aby v\u00e1s [&hellip;]","datePublished":"2023-11-15","dateModified":"2024-05-20","author":{"@type":"Person","@id":"https:\/\/www.acorde.cz\/author\/#Person","name":"","url":"https:\/\/www.acorde.cz\/author\/","identifier":1,"image":{"@type":"ImageObject","@id":"https:\/\/secure.gravatar.com\/avatar\/3c4e99fa9a9806cd5e8fd7cac6ca73ff5bbf5f3ee309e1745415eebd31482909?s=96&d=mm&r=g","url":"https:\/\/secure.gravatar.com\/avatar\/3c4e99fa9a9806cd5e8fd7cac6ca73ff5bbf5f3ee309e1745415eebd31482909?s=96&d=mm&r=g","height":96,"width":96}},"publisher":{"@type":"Organization","name":"acorde.cz","logo":{"@type":"ImageObject","@id":"\/logo.png","url":"\/logo.png","width":600,"height":60}},"image":{"@type":"ImageObject","@id":"https:\/\/www.acorde.cz\/wp-content\/uploads\/children-3167588_1280.jpg","url":"https:\/\/www.acorde.cz\/wp-content\/uploads\/children-3167588_1280.jpg","height":0,"width":0},"url":"https:\/\/www.acorde.cz\/obleknout-se-na-hory\/","about":["Podnik\u00e1n\u00ed"],"wordCount":422,"articleBody":"   Rodi\u010de ur\u010dit\u011b zajist\u00e9 potvrd\u00ed ten fakt, \u017ee kupovat n\u011bco dra\u017e\u0161\u00edho d\u011btem je pro n\u011b naprosto vylu\u010duj\u00edc\u00ed mo\u017enost, proto\u017ee pokud tak u\u010din\u00ed tuto zimu. P\u0159\u00ed\u0161t\u00ed rok budou zase muset kupovat nov\u00e9 a nov\u00e9 oble\u010den\u00ed, proto\u017ee d\u011bti zkr\u00e1tka rychle rostou, ne\u017e dosp\u011bj\u00ed. V\u011bd\u011bli jste ale to, \u017ee n\u011bkter\u00e9 sv\u011btov\u00e9 zna\u010dky u\u017e na tohle tak\u00e9 p\u0159i\u0161ly a d\u011blaj\u00ed takzvan\u011b rostouc\u00ed oble\u010den\u00ed, aby v\u00e1s pr\u00e1v\u011b neodradilo si ho koupit, nebo respektive pro va\u0161e d\u011bti, ale abyste se t\u00e9to investice neb\u00e1li. Nav\u00edc pot\u0159ebujete nejenom vy, ale pr\u00e1v\u011b i va\u0161e d\u011bti do zimy a do sn\u011bhu tak\u00e9 kvalitn\u00ed oble\u010den\u00ed, aby odolalo vlhkosti, v\u011btru a dal\u0161\u00edm nep\u0159\u00edjemnostem, kter\u00e9 na n\u011b nap\u0159\u00edklad budou \u010d\u00edhat na svahu nebo n\u011bkde na kope\u010dku, a\u017e se budou odd\u00e1vat zimn\u00edm radov\u00e1nk\u00e1m.Tato \u0161v\u00e9dsk\u00e1 zna\u010dka vyv\u00edj\u00ed kousky, kter\u00e9 budete moci nosit n\u011bkolik let bez toho, ani\u017e by se n\u011bjak v\u00fdrazn\u011b zni\u010dily. U d\u011bt\u00ed to zajist\u00ed rostouc\u00ed kousky, kter\u00e9 jsou pr\u00e1v\u011b pro toto vyvinuty. D\u00e1vaj\u00ed si pozor na to, aby jejich l\u00e1tky p\u0159i barven\u00ed a impregnaci se vyvarovaly chemik\u00e1li\u00edm. Rostouc\u00ed oble\u010den\u00ed nav\u00edc zajist\u00ed to, \u017ee si d\u011bti p\u0159\u00ed\u0161t\u00ed sez\u00f3nu budou moci prodlou\u017eit rukavice nebo nohavice. V\u0161echno vysoce kvalitn\u00ed a v modern\u00edm designu. Pod\u00edvejte se na Dirkinson bunda nebo cel\u00e9 komplety, v\u010detn\u011b spodn\u00edho oble\u010den\u00ed, kter\u00e9 je v zim\u011b \u201evelk\u00fd dobr\u00fd\u201c, zejm\u00e9na pak u d\u011bt\u00ed je to takov\u00e1 jistota, \u017ee jim nikam nebude t\u00e1hnout. Nav\u00edc, kdy\u017e se zamysl\u00edte, koupit si kousky do zimn\u00edho po\u010das\u00ed od \u0161v\u00e9dsk\u00e9 zna\u010dky, je jistojist\u011b trefa do \u010dern\u00e9ho, proto\u017ee tam maj\u00ed krut\u011bj\u0161\u00ed zimy ne\u017e my. Nav\u00edc, tato zna\u010dka m\u00e1 u\u017e v\u00edce jak stoletou zku\u0161enost s v\u00fdrobou tohoto druhu oble\u010den\u00ed, nejd\u0159\u00edve obl\u00e9kali do extr\u00e9mn\u00edho po\u010das\u00ed ryb\u00e1\u0159e a n\u00e1mo\u0159n\u00edky, tak\u017ee se to odr\u00e1\u017e\u00ed i v jejich pr\u00e1ci do dne\u0161n\u00ed doby. Nepromokav\u00e9 a kvalitn\u00ed kousky, jin\u00e9 od nich nenajdete. A m\u016f\u017eete si je vybrat nejenom pro d\u011bti, ale tak\u00e9 pro sebe. Ide\u00e1ln\u00ed d\u00e1rky i pod v\u00e1no\u010dn\u00ed strome\u010dek, praktick\u00e9, kter\u00e9 prost\u011b vyu\u017eijete! \u017d\u00e1dn\u00e1 zbyte\u010dnost.                                                                                                                                                                                                                                                                                                                                                                                           4.6\/5 - (9 votes)        "},{"@context":"https:\/\/schema.org\/","@type":"BreadcrumbList","itemListElement":[{"@type":"ListItem","position":1,"name":"Obl\u00e9knout se na hory","item":"https:\/\/www.acorde.cz\/obleknout-se-na-hory\/#breadcrumbitem"}]}]