[{"@context":"https:\/\/schema.org\/","@type":"Article","@id":"https:\/\/www.acorde.cz\/nova-vrata-ke-garazi\/#Article","mainEntityOfPage":"https:\/\/www.acorde.cz\/nova-vrata-ke-garazi\/","headline":"Nov\u00e1 vrata ke gar\u00e1\u017ei","name":"Nov\u00e1 vrata ke gar\u00e1\u017ei","description":"Tak\u00e9 uva\u017eujete, \u017ee si ud\u011bl\u00e1te n\u011bjakou kr\u00e1snou novou gar\u00e1\u017e? Pokud ano, tak tak\u00e9 nezapome\u0148te na n\u011bjak\u00e9 kvalitn\u00ed dve\u0159e. M\u016f\u017eete m\u00edt plechov\u00e1 gar\u00e1\u017eov\u00e1 vrata, kter\u00e1 jsou dvouk\u0159\u00eddl\u00e1, proto\u017ee jsou v\u00edce praktick\u00e1 a tak\u00e9 vypadaj\u00ed esteticky l\u00e9pe. Plechov\u00e1 dvouk\u0159\u00eddl\u00e1 gar\u00e1\u017eov\u00e1 vrata jsou sice o n\u011bco v\u00edce dra\u017e\u0161\u00ed ne\u017e jednok\u0159\u00eddl\u00e1 gar\u00e1\u017eov\u00e1 plechov\u00e1 vrata, ale zase, kdy\u017e je m\u00e1te dvouk\u0159\u00eddl\u00e1, tak se daj\u00ed tak\u00e9 [&hellip;]","datePublished":"2025-06-29","dateModified":"2025-06-29","author":{"@type":"Person","@id":"https:\/\/www.acorde.cz\/author\/#Person","name":"","url":"https:\/\/www.acorde.cz\/author\/","identifier":1,"image":{"@type":"ImageObject","@id":"https:\/\/secure.gravatar.com\/avatar\/3c4e99fa9a9806cd5e8fd7cac6ca73ff5bbf5f3ee309e1745415eebd31482909?s=96&d=mm&r=g","url":"https:\/\/secure.gravatar.com\/avatar\/3c4e99fa9a9806cd5e8fd7cac6ca73ff5bbf5f3ee309e1745415eebd31482909?s=96&d=mm&r=g","height":96,"width":96}},"publisher":{"@type":"Organization","name":"acorde.cz","logo":{"@type":"ImageObject","@id":"\/logo.png","url":"\/logo.png","width":600,"height":60}},"image":{"@type":"ImageObject","@id":"https:\/\/www.acorde.cz\/wp-content\/uploads\/garage-3114573_640.jpg","url":"https:\/\/www.acorde.cz\/wp-content\/uploads\/garage-3114573_640.jpg","height":0,"width":0},"url":"https:\/\/www.acorde.cz\/nova-vrata-ke-garazi\/","about":["N\u00e1kupy"],"wordCount":421,"articleBody":"          Tak\u00e9 uva\u017eujete, \u017ee si ud\u011bl\u00e1te n\u011bjakou kr\u00e1snou novou gar\u00e1\u017e? Pokud ano, tak tak\u00e9 nezapome\u0148te na n\u011bjak\u00e9 kvalitn\u00ed dve\u0159e. M\u016f\u017eete m\u00edt plechov\u00e1 gar\u00e1\u017eov\u00e1 vrata, kter\u00e1 jsou dvouk\u0159\u00eddl\u00e1, proto\u017ee jsou v\u00edce praktick\u00e1 a tak\u00e9 vypadaj\u00ed esteticky l\u00e9pe. Plechov\u00e1 dvouk\u0159\u00eddl\u00e1 gar\u00e1\u017eov\u00e1 vrata jsou sice o n\u011bco v\u00edce dra\u017e\u0161\u00ed ne\u017e jednok\u0159\u00eddl\u00e1 gar\u00e1\u017eov\u00e1 plechov\u00e1 vrata, ale zase, kdy\u017e je m\u00e1te dvouk\u0159\u00eddl\u00e1, tak se daj\u00ed tak\u00e9 otev\u00edrat zvl\u00e1\u0161\u0165. A je to opravdu v\u00edce praktick\u00e9, a to hlavn\u011b, pokud t\u0159eba v gar\u00e1\u017ei m\u00e1te nap\u0159\u00edklad automobil nebo kola a tak podobn\u011b, kdy\u017e jednozna\u010dn\u011b m\u00e1te opravdu velikou gar\u00e1\u017e a nem\u00e1te tam pouze jenom auto.Mysl\u00edm si, \u017ee i kdy\u017e budete m\u00edt nap\u0159\u00edklad rolovac\u00ed vrata, tak to tak\u00e9 vypad\u00e1 opravdu dob\u0159e a je to tak\u00e9 v\u00edce praktick\u00e9. Jenom\u017ee rolovac\u00ed vrata vypadaj\u00ed v\u00edce slo\u017eit\u011b. Vypadaj\u00ed tak\u00e9, \u017ee jsou sice p\u011bkn\u00e1, ale jsou opravdu drah\u00e1. Proto tak\u00e9 m\u016f\u017eete zauva\u017eovat nad t\u00edm, \u017ee byste si nechali d\u00e1t dvouk\u0159\u00eddl\u00e1 gar\u00e1\u017eov\u00e1 vrata, a to z plechu. Samoz\u0159ejm\u011b, \u017ee existuje i r\u016fzn\u00fd materi\u00e1l. M\u016f\u017eete m\u00edt gar\u00e1\u017eov\u00e1 vrata z r\u016fzn\u00e9ho materi\u00e1lu, ale j\u00e1 sama za sebe doporu\u010duji plechov\u00e1 dvouk\u0159\u00eddl\u00e1 gar\u00e1\u017eov\u00e1 vrata. Cena je opravdu r\u016fzn\u00e1, m\u016f\u017eete si vybrat. Jsou levn\u011bj\u0161\u00ed dvouk\u0159\u00eddlov\u00e1 vrata, kter\u00e1 jsou z plechu, ale samoz\u0159ejm\u011b tak\u00e9 dra\u017e\u0161\u00ed plechov\u00e1 gar\u00e1\u017eov\u00e1 dvouk\u0159\u00eddl\u00e1 vrata.A tady z\u00e1le\u017e\u00ed u\u017e jenom na v\u00e1s, \u010demu d\u00e1te p\u0159ednost a nebo co pro v\u00e1s bude v\u00edce praktick\u00e9, pokud nev\u00edte, jak to vypad\u00e1, tak samoz\u0159ejm\u011b, \u017ee na internetu najdete mnoho tip\u016f a odkaz\u016f nebo tak\u00e9 obr\u00e1zk\u016f a dal\u0161\u00ed katalog, kde se m\u016f\u017eete pod\u00edvat na r\u016fzn\u00e9 fotografie. A pr\u00e1v\u011b na t\u011bchto fotografi\u00edch uvid\u00edte, jak vypadaj\u00ed plechov\u00e1 dvouk\u0159\u00eddl\u00e1 gar\u00e1\u017eov\u00e1 vrata. A potom se rozhodnete, jestli tato plechov\u00e1 dvouk\u0159\u00eddl\u00e1 gar\u00e1\u017eov\u00e1 vrata budete pot\u0159ebovat. Tam samoz\u0159ejm\u011b najdete i r\u016fzn\u00e9 cenov\u00e9 relace. J\u00e1 sama za sebe bych ale doporu\u010dovala, abyste si koupili t\u0159eba i tu st\u0159edn\u011b drahou relaci, proto\u017ee kdy\u017e zase budou \u00fapln\u011b nejlevn\u011bj\u0161\u00ed, tak nemohu zaru\u010dit vysokou kvalitu. A to vlastn\u011b nem\u016f\u017ee zaru\u010dit v\u016fbec nikdo, \u017ee to bude fungovat opravdu hodn\u011b dlouho. Nebo \u017ee to bude velice kvalitn\u00ed.                                                                                                                                                                                                                                                                                                                                                                                           4.5\/5 - (4 votes)        "},{"@context":"https:\/\/schema.org\/","@type":"BreadcrumbList","itemListElement":[{"@type":"ListItem","position":1,"name":"Nov\u00e1 vrata ke gar\u00e1\u017ei","item":"https:\/\/www.acorde.cz\/nova-vrata-ke-garazi\/#breadcrumbitem"}]}]