[{"@context":"https:\/\/schema.org\/","@type":"Article","@id":"https:\/\/www.acorde.cz\/nemam-penize-co-s-tim\/#Article","mainEntityOfPage":"https:\/\/www.acorde.cz\/nemam-penize-co-s-tim\/","headline":"Nem\u00e1m pen\u00edze &#8211; co s t\u00edm?","name":"Nem\u00e1m pen\u00edze &#8211; co s t\u00edm?","description":"D\u00edky t\u00e9to dob\u011b se mnoho lid\u00ed zaob\u00edr\u00e1 d\u016fle\u017eitou ot\u00e1zku \u2013 \u201eBudeme m\u00edt na j\u00eddlo?\u201c. V\u0161e se neust\u00e1le o hal\u00ed\u0159e i koruny, a dokonce i o des\u00edtky korun zdra\u017euje a n\u00e1m platy nijak nep\u0159ib\u00fdvaj\u00ed na sv\u00e9 v\u00fd\u0161i. Pokud to takhle p\u016fjde d\u00e1l, budeme r\u00e1di, kdy\u017e budeme m\u00edt st\u0159echu nad hlavou. Kam tohle a\u017e povede? Pr\u00e1zdn\u00e1 pen\u011b\u017eenka a nulov\u00e9 konto na \u00fa\u010dtu [&hellip;]","datePublished":"2022-04-03","dateModified":"2023-05-06","author":{"@type":"Person","@id":"https:\/\/www.acorde.cz\/author\/#Person","name":"","url":"https:\/\/www.acorde.cz\/author\/","identifier":1,"image":{"@type":"ImageObject","@id":"https:\/\/secure.gravatar.com\/avatar\/3c4e99fa9a9806cd5e8fd7cac6ca73ff5bbf5f3ee309e1745415eebd31482909?s=96&d=mm&r=g","url":"https:\/\/secure.gravatar.com\/avatar\/3c4e99fa9a9806cd5e8fd7cac6ca73ff5bbf5f3ee309e1745415eebd31482909?s=96&d=mm&r=g","height":96,"width":96}},"publisher":{"@type":"Organization","name":"acorde.cz","logo":{"@type":"ImageObject","@id":"\/logo.png","url":"\/logo.png","width":600,"height":60}},"image":{"@type":"ImageObject","@id":"https:\/\/www.acorde.cz\/wp-content\/uploads\/wallet-gf8e163e2c_640.jpg","url":"https:\/\/www.acorde.cz\/wp-content\/uploads\/wallet-gf8e163e2c_640.jpg","height":0,"width":0},"url":"https:\/\/www.acorde.cz\/nemam-penize-co-s-tim\/","about":["Finance"],"wordCount":451,"articleBody":"      D\u00edky t\u00e9to dob\u011b se mnoho lid\u00ed zaob\u00edr\u00e1 d\u016fle\u017eitou ot\u00e1zku \u2013 \u201eBudeme m\u00edt na j\u00eddlo?\u201c. V\u0161e se neust\u00e1le o hal\u00ed\u0159e i koruny, a dokonce i o des\u00edtky korun zdra\u017euje a n\u00e1m platy nijak nep\u0159ib\u00fdvaj\u00ed na sv\u00e9 v\u00fd\u0161i. Pokud to takhle p\u016fjde d\u00e1l, budeme r\u00e1di, kdy\u017e budeme m\u00edt st\u0159echu nad hlavou. Kam tohle a\u017e povede?Pr\u00e1zdn\u00e1 pen\u011b\u017eenka a nulov\u00e9 konto na \u00fa\u010dtu v n\u00e1s vyvol\u00e1v\u00e1 deprese a \u0161patn\u00e9 n\u00e1lady celkov\u011b. Bohu\u017eel tento fakt mus\u00edme p\u0159ijmout a pokusit se tuto dobu zvl\u00e1dnout v\u0161emo\u017en\u00fdmi v\u011bcmi. Pokuste se udr\u017eet si super n\u00e1ladu a pak p\u016fjde v\u0161e l\u00e9pe. Se\u017ee\u0148te si \u0161amana a kov\u00e1\u0159e hypoteka-bez-registru.net, pokud to tak p\u016fjde d\u00e1l.D\u00edky pracovn\u00edm na \u00fa\u0159adu pr\u00e1ce a na soci\u00e1ln\u00edch \u00fa\u0159adech se n\u00e1m m\u016f\u017ee poskytnout jednor\u00e1zov\u00e1 \u010di v\u00edce r\u00e1zov\u00e1 pomoc. Pod\u00edvejte se, jestli si o ni m\u016f\u017eete po\u017e\u00e1dat i Vy. Mnohdy ani nev\u00edme, \u017ee na n\u011bco m\u00e1me n\u00e1rok, a tak je pot\u0159eba si zjistit v\u0161e pot\u0159ebn\u00e9. Sta\u010d\u00ed si za\u017e\u00e1dat pomoc\u00ed \u0159\u00e1dn\u011b vypln\u011bn\u00e9ho formul\u00e1\u0159e. Formul\u00e1\u0159 najdete jak na p\u0159\u00edslu\u0161n\u00fdch m\u00edstech, tak samoz\u0159ejm\u011b i online. Takov\u00e1to pomoc v\u011bt\u0161inou trv\u00e1 30dn\u00ed na vy\u0159\u00edzen\u00ed. \u017d\u00e1dejte si tedy v\u010das.Probl\u00e9my s nedostatkem pen\u011bz m\u00e1 v\u00edce rodin, ne\u017e si mysl\u00edte. Je tu pak ot\u00e1zka, zda je to kv\u016fli tomu, \u017ee necht\u011bj\u00ed pracovat anebo proto\u017ee cht\u011bj\u00ed pracovat a nemohou naj\u00edt pr\u00e1ci \u010di pracuj\u00ed, ale stejn\u011b jim moc pen\u011bz nezb\u00fdv\u00e1. Proto svoj\u00ed situaci popi\u0161te p\u0159\u00edslu\u0161n\u00fdm \u00fa\u0159edn\u00edk\u016fm. Jestli\u017ee V\u00e1m nap\u0159\u00edklad \u00fa\u0159ad pr\u00e1ce pravideln\u011b zas\u00edl\u00e1 mo\u017enosti na pracovn\u00ed nab\u00eddky, nem\u016f\u017eeme se divit, \u017ee p\u0159i jejich odm\u00edtnut\u00ed pot\u00e9 odm\u00edtnou i n\u00e1s. Bu\u010fte pracovit\u00ed, je to jedin\u00e1 mo\u017en\u00e1 mo\u017enost pro \u00fasp\u011b\u0161n\u00fd a kr\u00e1sn\u00fd \u017eivot i kdy\u017e n\u00e1m pr\u00e1ce spolyk\u00e1 v\u011bt\u0161inu \u010dasu.Pokud nem\u016f\u017eete naj\u00edt pr\u00e1ci ve sv\u00e9m oboru \u2013 je mo\u017en\u00e9 se rekvalifikovat. D\u00edky rekvalifikaci m\u00e1me \u0161anci se dostat do jin\u00e9ho zam\u011b\u0159en\u00ed, kter\u00e9 je aktu\u00e1ln\u011b pot\u0159eba. Nau\u010d\u00edme se mnoho u\u017eite\u010dn\u00fdch v\u011bc\u00ed pot\u0159ebn\u00fdch k na\u0161\u00ed budouc\u00ed pr\u00e1ci. Zam\u011bstn\u00e1n\u00ed tak bude mo\u017en\u00e9 a my si m\u016f\u017eeme za\u010d\u00edt vyd\u011bl\u00e1vat.                                                                                                                                                                                                                                                                                                                                                                                          4.5\/5 - (13 votes)        "},{"@context":"https:\/\/schema.org\/","@type":"BreadcrumbList","itemListElement":[{"@type":"ListItem","position":1,"name":"Nem\u00e1m pen\u00edze &#8211; co s t\u00edm?","item":"https:\/\/www.acorde.cz\/nemam-penize-co-s-tim\/#breadcrumbitem"}]}]