{"@context":"https:\/\/schema.org\/","@type":"CollectionPage","@id":"https:\/\/www.acorde.cz\/nakupy\/#CollectionPage","headline":"N\u00e1kupy Category","description":"","url":"https:\/\/www.acorde.cz\/nakupy\/","hasPart":[{"@type":"Article","@id":"https:\/\/www.acorde.cz\/nakupy-ve-stylu-zero-waste\/","headline":"N\u00e1kupy ve stylu zero waste","url":"https:\/\/www.acorde.cz\/nakupy-ve-stylu-zero-waste\/","datePublished":"2019-08-01","dateModified":"2019-08-01","mainEntityOfPage":"https:\/\/www.acorde.cz\/nakupy-ve-stylu-zero-waste\/","author":{"@type":"Person","@id":"https:\/\/www.acorde.cz\/author\/#Person","name":"","url":"https:\/\/www.acorde.cz\/author\/","identifier":1,"image":{"@type":"ImageObject","@id":"https:\/\/secure.gravatar.com\/avatar\/3c4e99fa9a9806cd5e8fd7cac6ca73ff5bbf5f3ee309e1745415eebd31482909?s=96&d=mm&r=g","url":"https:\/\/secure.gravatar.com\/avatar\/3c4e99fa9a9806cd5e8fd7cac6ca73ff5bbf5f3ee309e1745415eebd31482909?s=96&d=mm&r=g","height":96,"width":96}},"publisher":{"@type":"Organization","name":"acorde.cz","logo":{"@type":"ImageObject","@id":"\/logo.png","url":"\/logo.png","width":600,"height":60}},"image":{"@type":"ImageObject","@id":"https:\/\/www.acorde.cz\/wp-content\/uploads\/img_a352586_w3748_t1567071485.jpg","url":"https:\/\/www.acorde.cz\/wp-content\/uploads\/img_a352586_w3748_t1567071485.jpg","height":0,"width":0},"keywords":null},{"@type":"Article","@id":"https:\/\/www.acorde.cz\/vybaveni-z-palet\/","headline":"Vybaven\u00ed z palet","url":"https:\/\/www.acorde.cz\/vybaveni-z-palet\/","datePublished":"2019-02-11","dateModified":"2023-05-06","mainEntityOfPage":"https:\/\/www.acorde.cz\/vybaveni-z-palet\/","author":{"@type":"Person","@id":"https:\/\/www.acorde.cz\/author\/#Person","name":"","url":"https:\/\/www.acorde.cz\/author\/","identifier":1,"image":{"@type":"ImageObject","@id":"https:\/\/secure.gravatar.com\/avatar\/3c4e99fa9a9806cd5e8fd7cac6ca73ff5bbf5f3ee309e1745415eebd31482909?s=96&d=mm&r=g","url":"https:\/\/secure.gravatar.com\/avatar\/3c4e99fa9a9806cd5e8fd7cac6ca73ff5bbf5f3ee309e1745415eebd31482909?s=96&d=mm&r=g","height":96,"width":96}},"publisher":{"@type":"Organization","name":"acorde.cz","logo":{"@type":"ImageObject","@id":"\/logo.png","url":"\/logo.png","width":600,"height":60}},"image":{"@type":"ImageObject","@id":"https:\/\/www.acorde.cz\/wp-content\/uploads\/img_a338556_w2688_t1551198032.jpg","url":"https:\/\/www.acorde.cz\/wp-content\/uploads\/img_a338556_w2688_t1551198032.jpg","height":0,"width":0},"keywords":null},{"@type":"Article","@id":"https:\/\/www.acorde.cz\/domaci-zahradniceni-pro-kazdeho\/","headline":"Dom\u00e1c\u00ed zahradni\u010den\u00ed pro ka\u017ed\u00e9ho","url":"https:\/\/www.acorde.cz\/domaci-zahradniceni-pro-kazdeho\/","datePublished":"2018-12-07","dateModified":"2023-05-06","mainEntityOfPage":"https:\/\/www.acorde.cz\/domaci-zahradniceni-pro-kazdeho\/","author":{"@type":"Person","@id":"https:\/\/www.acorde.cz\/author\/#Person","name":"","url":"https:\/\/www.acorde.cz\/author\/","identifier":1,"image":{"@type":"ImageObject","@id":"https:\/\/secure.gravatar.com\/avatar\/3c4e99fa9a9806cd5e8fd7cac6ca73ff5bbf5f3ee309e1745415eebd31482909?s=96&d=mm&r=g","url":"https:\/\/secure.gravatar.com\/avatar\/3c4e99fa9a9806cd5e8fd7cac6ca73ff5bbf5f3ee309e1745415eebd31482909?s=96&d=mm&r=g","height":96,"width":96}},"publisher":{"@type":"Organization","name":"acorde.cz","logo":{"@type":"ImageObject","@id":"\/logo.png","url":"\/logo.png","width":600,"height":60}},"image":{"@type":"ImageObject","@id":"https:\/\/www.acorde.cz\/wp-content\/uploads\/img_a333731_w1693_t1547122939.jpg","url":"https:\/\/www.acorde.cz\/wp-content\/uploads\/img_a333731_w1693_t1547122939.jpg","height":0,"width":0},"keywords":null},{"@type":"Article","@id":"https:\/\/www.acorde.cz\/dokonale-pruzracna-bazenova-voda\/","headline":"Dokonale pr\u016fzra\u010dn\u00e1 baz\u00e9nov\u00e1 voda","url":"https:\/\/www.acorde.cz\/dokonale-pruzracna-bazenova-voda\/","datePublished":"2018-12-06","dateModified":"2023-05-06","mainEntityOfPage":"https:\/\/www.acorde.cz\/dokonale-pruzracna-bazenova-voda\/","author":{"@type":"Person","@id":"https:\/\/www.acorde.cz\/author\/#Person","name":"","url":"https:\/\/www.acorde.cz\/author\/","identifier":1,"image":{"@type":"ImageObject","@id":"https:\/\/secure.gravatar.com\/avatar\/3c4e99fa9a9806cd5e8fd7cac6ca73ff5bbf5f3ee309e1745415eebd31482909?s=96&d=mm&r=g","url":"https:\/\/secure.gravatar.com\/avatar\/3c4e99fa9a9806cd5e8fd7cac6ca73ff5bbf5f3ee309e1745415eebd31482909?s=96&d=mm&r=g","height":96,"width":96}},"publisher":{"@type":"Organization","name":"acorde.cz","logo":{"@type":"ImageObject","@id":"\/logo.png","url":"\/logo.png","width":600,"height":60}},"image":{"@type":"ImageObject","@id":"https:\/\/www.acorde.cz\/wp-content\/uploads\/img_a335387_w1714_t1548677383.jpg","url":"https:\/\/www.acorde.cz\/wp-content\/uploads\/img_a335387_w1714_t1548677383.jpg","height":0,"width":0},"keywords":null},{"@type":"Article","@id":"https:\/\/www.acorde.cz\/hubnout-zdrave\/","headline":"Hubnout zdrav\u011b","url":"https:\/\/www.acorde.cz\/hubnout-zdrave\/","datePublished":"2018-09-25","dateModified":"2023-05-06","mainEntityOfPage":"https:\/\/www.acorde.cz\/hubnout-zdrave\/","author":{"@type":"Person","@id":"https:\/\/www.acorde.cz\/author\/#Person","name":"","url":"https:\/\/www.acorde.cz\/author\/","identifier":1,"image":{"@type":"ImageObject","@id":"https:\/\/secure.gravatar.com\/avatar\/3c4e99fa9a9806cd5e8fd7cac6ca73ff5bbf5f3ee309e1745415eebd31482909?s=96&d=mm&r=g","url":"https:\/\/secure.gravatar.com\/avatar\/3c4e99fa9a9806cd5e8fd7cac6ca73ff5bbf5f3ee309e1745415eebd31482909?s=96&d=mm&r=g","height":96,"width":96}},"publisher":{"@type":"Organization","name":"acorde.cz","logo":{"@type":"ImageObject","@id":"\/logo.png","url":"\/logo.png","width":600,"height":60}},"image":{"@type":"ImageObject","@id":"https:\/\/www.acorde.cz\/wp-content\/uploads\/img_a325618_w1715_t1537526474.jpg","url":"https:\/\/www.acorde.cz\/wp-content\/uploads\/img_a325618_w1715_t1537526474.jpg","height":0,"width":0},"keywords":null},{"@type":"Article","@id":"https:\/\/www.acorde.cz\/profesionalni-maziva-v-prijemne-cenove-relaci\/","headline":"Profesion\u00e1ln\u00ed maziva v p\u0159\u00edjemn\u00e9 cenov\u00e9 relaci","url":"https:\/\/www.acorde.cz\/profesionalni-maziva-v-prijemne-cenove-relaci\/","datePublished":"2018-09-22","dateModified":"2023-05-06","mainEntityOfPage":"https:\/\/www.acorde.cz\/profesionalni-maziva-v-prijemne-cenove-relaci\/","author":{"@type":"Person","@id":"https:\/\/www.acorde.cz\/author\/#Person","name":"","url":"https:\/\/www.acorde.cz\/author\/","identifier":1,"image":{"@type":"ImageObject","@id":"https:\/\/secure.gravatar.com\/avatar\/3c4e99fa9a9806cd5e8fd7cac6ca73ff5bbf5f3ee309e1745415eebd31482909?s=96&d=mm&r=g","url":"https:\/\/secure.gravatar.com\/avatar\/3c4e99fa9a9806cd5e8fd7cac6ca73ff5bbf5f3ee309e1745415eebd31482909?s=96&d=mm&r=g","height":96,"width":96}},"publisher":{"@type":"Organization","name":"acorde.cz","logo":{"@type":"ImageObject","@id":"\/logo.png","url":"\/logo.png","width":600,"height":60}},"image":{"@type":"ImageObject","@id":"https:\/\/www.acorde.cz\/wp-content\/uploads\/img_a325288_w2688_t1537171910.jpg","url":"https:\/\/www.acorde.cz\/wp-content\/uploads\/img_a325288_w2688_t1537171910.jpg","height":0,"width":0},"keywords":null},{"@type":"Article","@id":"https:\/\/www.acorde.cz\/vybirejte-v-bohatem-bazaru-zbrani\/","headline":"Vyb\u00edrejte v bohat\u00e9m bazaru zbran\u00ed","url":"https:\/\/www.acorde.cz\/vybirejte-v-bohatem-bazaru-zbrani\/","datePublished":"2018-09-10","dateModified":"2023-05-06","mainEntityOfPage":"https:\/\/www.acorde.cz\/vybirejte-v-bohatem-bazaru-zbrani\/","author":{"@type":"Person","@id":"https:\/\/www.acorde.cz\/author\/#Person","name":"","url":"https:\/\/www.acorde.cz\/author\/","identifier":1,"image":{"@type":"ImageObject","@id":"https:\/\/secure.gravatar.com\/avatar\/3c4e99fa9a9806cd5e8fd7cac6ca73ff5bbf5f3ee309e1745415eebd31482909?s=96&d=mm&r=g","url":"https:\/\/secure.gravatar.com\/avatar\/3c4e99fa9a9806cd5e8fd7cac6ca73ff5bbf5f3ee309e1745415eebd31482909?s=96&d=mm&r=g","height":96,"width":96}},"publisher":{"@type":"Organization","name":"acorde.cz","logo":{"@type":"ImageObject","@id":"\/logo.png","url":"\/logo.png","width":600,"height":60}},"image":{"@type":"ImageObject","@id":"https:\/\/www.acorde.cz\/wp-content\/uploads\/img_a326258_w1696_t1538321502.png","url":"https:\/\/www.acorde.cz\/wp-content\/uploads\/img_a326258_w1696_t1538321502.png","height":0,"width":0},"keywords":null},{"@type":"Article","@id":"https:\/\/www.acorde.cz\/proc-se-lide-boji-v-panelaku-klimatizace\/","headline":"Pro\u010d se lid\u00e9 boj\u00ed v panel\u00e1ku klimatizace","url":"https:\/\/www.acorde.cz\/proc-se-lide-boji-v-panelaku-klimatizace\/","datePublished":"2018-08-18","dateModified":"2023-05-06","mainEntityOfPage":"https:\/\/www.acorde.cz\/proc-se-lide-boji-v-panelaku-klimatizace\/","author":{"@type":"Person","@id":"https:\/\/www.acorde.cz\/author\/#Person","name":"","url":"https:\/\/www.acorde.cz\/author\/","identifier":1,"image":{"@type":"ImageObject","@id":"https:\/\/secure.gravatar.com\/avatar\/3c4e99fa9a9806cd5e8fd7cac6ca73ff5bbf5f3ee309e1745415eebd31482909?s=96&d=mm&r=g","url":"https:\/\/secure.gravatar.com\/avatar\/3c4e99fa9a9806cd5e8fd7cac6ca73ff5bbf5f3ee309e1745415eebd31482909?s=96&d=mm&r=g","height":96,"width":96}},"publisher":{"@type":"Organization","name":"acorde.cz","logo":{"@type":"ImageObject","@id":"\/logo.png","url":"\/logo.png","width":600,"height":60}},"image":{"@type":"ImageObject","@id":"https:\/\/www.acorde.cz\/wp-content\/uploads\/img_a323064_w2688_t1534866243.jpg","url":"https:\/\/www.acorde.cz\/wp-content\/uploads\/img_a323064_w2688_t1534866243.jpg","height":0,"width":0},"keywords":null},{"@type":"Article","@id":"https:\/\/www.acorde.cz\/prejdete-na-jednodussi-zpusob-udrzby\/","headline":"P\u0159ejd\u011bte na jednodu\u0161\u0161\u00ed zp\u016fsob \u00fadr\u017eby","url":"https:\/\/www.acorde.cz\/prejdete-na-jednodussi-zpusob-udrzby\/","datePublished":"2018-06-12","dateModified":"2024-04-11","mainEntityOfPage":"https:\/\/www.acorde.cz\/prejdete-na-jednodussi-zpusob-udrzby\/","author":{"@type":"Person","@id":"https:\/\/www.acorde.cz\/author\/#Person","name":"","url":"https:\/\/www.acorde.cz\/author\/","identifier":1,"image":{"@type":"ImageObject","@id":"https:\/\/secure.gravatar.com\/avatar\/3c4e99fa9a9806cd5e8fd7cac6ca73ff5bbf5f3ee309e1745415eebd31482909?s=96&d=mm&r=g","url":"https:\/\/secure.gravatar.com\/avatar\/3c4e99fa9a9806cd5e8fd7cac6ca73ff5bbf5f3ee309e1745415eebd31482909?s=96&d=mm&r=g","height":96,"width":96}},"publisher":{"@type":"Organization","name":"acorde.cz","logo":{"@type":"ImageObject","@id":"\/logo.png","url":"\/logo.png","width":600,"height":60}},"image":{"@type":"ImageObject","@id":"https:\/\/www.acorde.cz\/wp-content\/uploads\/img_a319989_w2435_t1531207068.jpg","url":"https:\/\/www.acorde.cz\/wp-content\/uploads\/img_a319989_w2435_t1531207068.jpg","height":0,"width":0},"keywords":null},{"@type":"Article","@id":"https:\/\/www.acorde.cz\/i-vy-se-budete-citit-skvele\/","headline":"I Vy se budete c\u00edtit skv\u011ble","url":"https:\/\/www.acorde.cz\/i-vy-se-budete-citit-skvele\/","datePublished":"2017-12-21","dateModified":"2023-05-06","mainEntityOfPage":"https:\/\/www.acorde.cz\/i-vy-se-budete-citit-skvele\/","author":{"@type":"Person","@id":"https:\/\/www.acorde.cz\/author\/#Person","name":"","url":"https:\/\/www.acorde.cz\/author\/","identifier":1,"image":{"@type":"ImageObject","@id":"https:\/\/secure.gravatar.com\/avatar\/3c4e99fa9a9806cd5e8fd7cac6ca73ff5bbf5f3ee309e1745415eebd31482909?s=96&d=mm&r=g","url":"https:\/\/secure.gravatar.com\/avatar\/3c4e99fa9a9806cd5e8fd7cac6ca73ff5bbf5f3ee309e1745415eebd31482909?s=96&d=mm&r=g","height":96,"width":96}},"publisher":{"@type":"Organization","name":"acorde.cz","logo":{"@type":"ImageObject","@id":"\/logo.png","url":"\/logo.png","width":600,"height":60}},"image":{"@type":"ImageObject","@id":"https:\/\/www.acorde.cz\/wp-content\/uploads\/img_a314692_w2688_t1525712829.jpg","url":"https:\/\/www.acorde.cz\/wp-content\/uploads\/img_a314692_w2688_t1525712829.jpg","height":0,"width":0},"keywords":null}]}