{"@context":"https:\/\/schema.org\/","@type":"CollectionPage","@id":"https:\/\/www.acorde.cz\/nakupy\/#CollectionPage","headline":"N\u00e1kupy Category","description":"","url":"https:\/\/www.acorde.cz\/nakupy\/","hasPart":[{"@type":"Article","@id":"https:\/\/www.acorde.cz\/svatebni-dary\/","headline":"Svatebn\u00ed dary","url":"https:\/\/www.acorde.cz\/svatebni-dary\/","datePublished":"2022-06-19","dateModified":"2023-05-06","mainEntityOfPage":"https:\/\/www.acorde.cz\/svatebni-dary\/","author":{"@type":"Person","@id":"https:\/\/www.acorde.cz\/author\/#Person","name":"","url":"https:\/\/www.acorde.cz\/author\/","identifier":1,"image":{"@type":"ImageObject","@id":"https:\/\/secure.gravatar.com\/avatar\/3c4e99fa9a9806cd5e8fd7cac6ca73ff5bbf5f3ee309e1745415eebd31482909?s=96&d=mm&r=g","url":"https:\/\/secure.gravatar.com\/avatar\/3c4e99fa9a9806cd5e8fd7cac6ca73ff5bbf5f3ee309e1745415eebd31482909?s=96&d=mm&r=g","height":96,"width":96}},"publisher":{"@type":"Organization","name":"acorde.cz","logo":{"@type":"ImageObject","@id":"\/logo.png","url":"\/logo.png","width":600,"height":60}},"image":{"@type":"ImageObject","@id":"https:\/\/www.acorde.cz\/wp-content\/uploads\/couple-gb345a2f2f_640.jpg","url":"https:\/\/www.acorde.cz\/wp-content\/uploads\/couple-gb345a2f2f_640.jpg","height":0,"width":0},"keywords":null},{"@type":"Article","@id":"https:\/\/www.acorde.cz\/skladovaci-a-prepravni-kontejnery-pro-chemicky-prumysl\/","headline":"Skladovac\u00ed a p\u0159epravn\u00ed kontejnery pro chemick\u00fd pr\u016fmysl","url":"https:\/\/www.acorde.cz\/skladovaci-a-prepravni-kontejnery-pro-chemicky-prumysl\/","datePublished":"2022-06-14","dateModified":"2023-07-21","mainEntityOfPage":"https:\/\/www.acorde.cz\/skladovaci-a-prepravni-kontejnery-pro-chemicky-prumysl\/","author":{"@type":"Person","@id":"https:\/\/www.acorde.cz\/author\/#Person","name":"","url":"https:\/\/www.acorde.cz\/author\/","identifier":1,"image":{"@type":"ImageObject","@id":"https:\/\/secure.gravatar.com\/avatar\/3c4e99fa9a9806cd5e8fd7cac6ca73ff5bbf5f3ee309e1745415eebd31482909?s=96&d=mm&r=g","url":"https:\/\/secure.gravatar.com\/avatar\/3c4e99fa9a9806cd5e8fd7cac6ca73ff5bbf5f3ee309e1745415eebd31482909?s=96&d=mm&r=g","height":96,"width":96}},"publisher":{"@type":"Organization","name":"acorde.cz","logo":{"@type":"ImageObject","@id":"\/logo.png","url":"\/logo.png","width":600,"height":60}},"image":{"@type":"ImageObject","@id":"https:\/\/www.acorde.cz\/wp-content\/uploads\/refinery-3613522_640.jpg","url":"https:\/\/www.acorde.cz\/wp-content\/uploads\/refinery-3613522_640.jpg","height":0,"width":0},"keywords":null},{"@type":"Article","@id":"https:\/\/www.acorde.cz\/leginy-nejen-na-cviceni\/","headline":"Leg\u00edny nejen na cvi\u010den\u00ed","url":"https:\/\/www.acorde.cz\/leginy-nejen-na-cviceni\/","datePublished":"2022-06-12","dateModified":"2023-05-06","mainEntityOfPage":"https:\/\/www.acorde.cz\/leginy-nejen-na-cviceni\/","author":{"@type":"Person","@id":"https:\/\/www.acorde.cz\/author\/#Person","name":"","url":"https:\/\/www.acorde.cz\/author\/","identifier":1,"image":{"@type":"ImageObject","@id":"https:\/\/secure.gravatar.com\/avatar\/3c4e99fa9a9806cd5e8fd7cac6ca73ff5bbf5f3ee309e1745415eebd31482909?s=96&d=mm&r=g","url":"https:\/\/secure.gravatar.com\/avatar\/3c4e99fa9a9806cd5e8fd7cac6ca73ff5bbf5f3ee309e1745415eebd31482909?s=96&d=mm&r=g","height":96,"width":96}},"publisher":{"@type":"Organization","name":"acorde.cz","logo":{"@type":"ImageObject","@id":"\/logo.png","url":"\/logo.png","width":600,"height":60}},"image":{"@type":"ImageObject","@id":"https:\/\/www.acorde.cz\/wp-content\/uploads\/12515664_eqltvrpjy-b.jpg","url":"https:\/\/www.acorde.cz\/wp-content\/uploads\/12515664_eqltvrpjy-b.jpg","height":0,"width":0},"keywords":null},{"@type":"Article","@id":"https:\/\/www.acorde.cz\/kazdy-jsme-jiny\/","headline":"Ka\u017ed\u00fd jsme jin\u00fd","url":"https:\/\/www.acorde.cz\/kazdy-jsme-jiny\/","datePublished":"2022-04-23","dateModified":"2023-05-06","mainEntityOfPage":"https:\/\/www.acorde.cz\/kazdy-jsme-jiny\/","author":{"@type":"Person","@id":"https:\/\/www.acorde.cz\/author\/#Person","name":"","url":"https:\/\/www.acorde.cz\/author\/","identifier":1,"image":{"@type":"ImageObject","@id":"https:\/\/secure.gravatar.com\/avatar\/3c4e99fa9a9806cd5e8fd7cac6ca73ff5bbf5f3ee309e1745415eebd31482909?s=96&d=mm&r=g","url":"https:\/\/secure.gravatar.com\/avatar\/3c4e99fa9a9806cd5e8fd7cac6ca73ff5bbf5f3ee309e1745415eebd31482909?s=96&d=mm&r=g","height":96,"width":96}},"publisher":{"@type":"Organization","name":"acorde.cz","logo":{"@type":"ImageObject","@id":"\/logo.png","url":"\/logo.png","width":600,"height":60}},"image":{"@type":"ImageObject","@id":"https:\/\/www.acorde.cz\/wp-content\/uploads\/eye-gc95db93ae_640.jpg","url":"https:\/\/www.acorde.cz\/wp-content\/uploads\/eye-gc95db93ae_640.jpg","height":0,"width":0},"keywords":null},{"@type":"Article","@id":"https:\/\/www.acorde.cz\/vyuzivejte-svou-zahradu\/","headline":"Vyu\u017e\u00edvejte svou zahradu","url":"https:\/\/www.acorde.cz\/vyuzivejte-svou-zahradu\/","datePublished":"2022-02-28","dateModified":"2023-12-08","mainEntityOfPage":"https:\/\/www.acorde.cz\/vyuzivejte-svou-zahradu\/","author":{"@type":"Person","@id":"https:\/\/www.acorde.cz\/author\/#Person","name":"","url":"https:\/\/www.acorde.cz\/author\/","identifier":1,"image":{"@type":"ImageObject","@id":"https:\/\/secure.gravatar.com\/avatar\/3c4e99fa9a9806cd5e8fd7cac6ca73ff5bbf5f3ee309e1745415eebd31482909?s=96&d=mm&r=g","url":"https:\/\/secure.gravatar.com\/avatar\/3c4e99fa9a9806cd5e8fd7cac6ca73ff5bbf5f3ee309e1745415eebd31482909?s=96&d=mm&r=g","height":96,"width":96}},"publisher":{"@type":"Organization","name":"acorde.cz","logo":{"@type":"ImageObject","@id":"\/logo.png","url":"\/logo.png","width":600,"height":60}},"image":{"@type":"ImageObject","@id":"https:\/\/www.acorde.cz\/wp-content\/uploads\/garden-g0b111c824_640.jpg","url":"https:\/\/www.acorde.cz\/wp-content\/uploads\/garden-g0b111c824_640.jpg","height":0,"width":0},"keywords":null},{"@type":"Article","@id":"https:\/\/www.acorde.cz\/maliny-jako-chutna-svacinka\/","headline":"Maliny jako chutn\u00e1 sva\u010dinka","url":"https:\/\/www.acorde.cz\/maliny-jako-chutna-svacinka\/","datePublished":"2022-01-17","dateModified":"2023-05-06","mainEntityOfPage":"https:\/\/www.acorde.cz\/maliny-jako-chutna-svacinka\/","author":{"@type":"Person","@id":"https:\/\/www.acorde.cz\/author\/#Person","name":"","url":"https:\/\/www.acorde.cz\/author\/","identifier":1,"image":{"@type":"ImageObject","@id":"https:\/\/secure.gravatar.com\/avatar\/3c4e99fa9a9806cd5e8fd7cac6ca73ff5bbf5f3ee309e1745415eebd31482909?s=96&d=mm&r=g","url":"https:\/\/secure.gravatar.com\/avatar\/3c4e99fa9a9806cd5e8fd7cac6ca73ff5bbf5f3ee309e1745415eebd31482909?s=96&d=mm&r=g","height":96,"width":96}},"publisher":{"@type":"Organization","name":"acorde.cz","logo":{"@type":"ImageObject","@id":"\/logo.png","url":"\/logo.png","width":600,"height":60}},"image":{"@type":"ImageObject","@id":"https:\/\/www.acorde.cz\/wp-content\/uploads\/OIP%20(12).jpg","url":"https:\/\/www.acorde.cz\/wp-content\/uploads\/OIP%20(12).jpg","height":0,"width":0},"keywords":null},{"@type":"Article","@id":"https:\/\/www.acorde.cz\/zvolte-vhodny-promo-darek\/","headline":"Zvolte vhodn\u00fd promo d\u00e1rek","url":"https:\/\/www.acorde.cz\/zvolte-vhodny-promo-darek\/","datePublished":"2021-11-10","dateModified":"2023-05-06","mainEntityOfPage":"https:\/\/www.acorde.cz\/zvolte-vhodny-promo-darek\/","author":{"@type":"Person","@id":"https:\/\/www.acorde.cz\/author\/#Person","name":"","url":"https:\/\/www.acorde.cz\/author\/","identifier":1,"image":{"@type":"ImageObject","@id":"https:\/\/secure.gravatar.com\/avatar\/3c4e99fa9a9806cd5e8fd7cac6ca73ff5bbf5f3ee309e1745415eebd31482909?s=96&d=mm&r=g","url":"https:\/\/secure.gravatar.com\/avatar\/3c4e99fa9a9806cd5e8fd7cac6ca73ff5bbf5f3ee309e1745415eebd31482909?s=96&d=mm&r=g","height":96,"width":96}},"publisher":{"@type":"Organization","name":"acorde.cz","logo":{"@type":"ImageObject","@id":"\/logo.png","url":"\/logo.png","width":600,"height":60}},"image":{"@type":"ImageObject","@id":"https:\/\/www.acorde.cz\/wp-content\/uploads\/table-warm-cute-celebration-gift-decoration-1373626-pxhere.com.jpg","url":"https:\/\/www.acorde.cz\/wp-content\/uploads\/table-warm-cute-celebration-gift-decoration-1373626-pxhere.com.jpg","height":0,"width":0},"keywords":null},{"@type":"Article","@id":"https:\/\/www.acorde.cz\/kdo-vyuzije-pristroj-fulltone-ocd-v2\/","headline":"Kdo vyu\u017eije p\u0159\u00edstroj fulltone ocd v2","url":"https:\/\/www.acorde.cz\/kdo-vyuzije-pristroj-fulltone-ocd-v2\/","datePublished":"2021-10-21","dateModified":"2023-05-06","mainEntityOfPage":"https:\/\/www.acorde.cz\/kdo-vyuzije-pristroj-fulltone-ocd-v2\/","author":{"@type":"Person","@id":"https:\/\/www.acorde.cz\/author\/#Person","name":"","url":"https:\/\/www.acorde.cz\/author\/","identifier":1,"image":{"@type":"ImageObject","@id":"https:\/\/secure.gravatar.com\/avatar\/3c4e99fa9a9806cd5e8fd7cac6ca73ff5bbf5f3ee309e1745415eebd31482909?s=96&d=mm&r=g","url":"https:\/\/secure.gravatar.com\/avatar\/3c4e99fa9a9806cd5e8fd7cac6ca73ff5bbf5f3ee309e1745415eebd31482909?s=96&d=mm&r=g","height":96,"width":96}},"publisher":{"@type":"Organization","name":"acorde.cz","logo":{"@type":"ImageObject","@id":"\/logo.png","url":"\/logo.png","width":600,"height":60}},"image":{"@type":"ImageObject","@id":"https:\/\/www.acorde.cz\/wp-content\/uploads\/muzika1.jpg","url":"https:\/\/www.acorde.cz\/wp-content\/uploads\/muzika1.jpg","height":0,"width":0},"keywords":null},{"@type":"Article","@id":"https:\/\/www.acorde.cz\/plot-k-domu\/","headline":"Plot k domu","url":"https:\/\/www.acorde.cz\/plot-k-domu\/","datePublished":"2021-09-22","dateModified":"2023-05-06","mainEntityOfPage":"https:\/\/www.acorde.cz\/plot-k-domu\/","author":{"@type":"Person","@id":"https:\/\/www.acorde.cz\/author\/#Person","name":"","url":"https:\/\/www.acorde.cz\/author\/","identifier":1,"image":{"@type":"ImageObject","@id":"https:\/\/secure.gravatar.com\/avatar\/3c4e99fa9a9806cd5e8fd7cac6ca73ff5bbf5f3ee309e1745415eebd31482909?s=96&d=mm&r=g","url":"https:\/\/secure.gravatar.com\/avatar\/3c4e99fa9a9806cd5e8fd7cac6ca73ff5bbf5f3ee309e1745415eebd31482909?s=96&d=mm&r=g","height":96,"width":96}},"publisher":{"@type":"Organization","name":"acorde.cz","logo":{"@type":"ImageObject","@id":"\/logo.png","url":"\/logo.png","width":600,"height":60}},"image":{"@type":"ImageObject","@id":"https:\/\/www.acorde.cz\/wp-content\/uploads\/betonov%C3%A9%20ploty.jpg","url":"https:\/\/www.acorde.cz\/wp-content\/uploads\/betonov%C3%A9%20ploty.jpg","height":0,"width":0},"keywords":null},{"@type":"Article","@id":"https:\/\/www.acorde.cz\/mejte-vhodny-lustr-ve-vasi-kuchyni\/","headline":"M\u011bjte vhodn\u00fd lustr ve va\u0161\u00ed kuchyni","url":"https:\/\/www.acorde.cz\/mejte-vhodny-lustr-ve-vasi-kuchyni\/","datePublished":"2021-08-11","dateModified":"2023-05-06","mainEntityOfPage":"https:\/\/www.acorde.cz\/mejte-vhodny-lustr-ve-vasi-kuchyni\/","author":{"@type":"Person","@id":"https:\/\/www.acorde.cz\/author\/#Person","name":"","url":"https:\/\/www.acorde.cz\/author\/","identifier":1,"image":{"@type":"ImageObject","@id":"https:\/\/secure.gravatar.com\/avatar\/3c4e99fa9a9806cd5e8fd7cac6ca73ff5bbf5f3ee309e1745415eebd31482909?s=96&d=mm&r=g","url":"https:\/\/secure.gravatar.com\/avatar\/3c4e99fa9a9806cd5e8fd7cac6ca73ff5bbf5f3ee309e1745415eebd31482909?s=96&d=mm&r=g","height":96,"width":96}},"publisher":{"@type":"Organization","name":"acorde.cz","logo":{"@type":"ImageObject","@id":"\/logo.png","url":"\/logo.png","width":600,"height":60}},"image":{"@type":"ImageObject","@id":"https:\/\/www.acorde.cz\/wp-content\/uploads\/vizualizace%20kuchyn%C4%9B.PNG","url":"https:\/\/www.acorde.cz\/wp-content\/uploads\/vizualizace%20kuchyn%C4%9B.PNG","height":0,"width":0},"keywords":null}]}