[{"@context":"https:\/\/schema.org\/","@type":"Article","@id":"https:\/\/www.acorde.cz\/nadherne-a-stylove\/#Article","mainEntityOfPage":"https:\/\/www.acorde.cz\/nadherne-a-stylove\/","headline":"N\u00e1dhern\u00e9 a stylov\u00e9","name":"N\u00e1dhern\u00e9 a stylov\u00e9","description":"U\u017e jste p\u0159em\u00fd\u0161leli o tom, jak\u00e9 snubn\u00ed prsteny vyberete na V\u00e1\u0161 velk\u00fd den? M\u00e1me pro V\u00e1s jedine\u010dnou p\u0159\u00edle\u017eitost. Vyberte si \u0161perky u n\u00e1s a my V\u00e1m zaru\u010dujeme, \u017ee \u017e\u00e1dn\u00e9 takov\u00e9 byste jinde nesehnali. Jde n\u00e1m p\u0159edev\u0161\u00edm o tom, aby byly na\u0161e \u0161perky vyr\u00e1b\u011bn\u00e9 z t\u011bch neju\u0161lechtilej\u0161\u00edch kov\u016f a Vy tak poznali to, co je to luxus. Nev\u00e1hejte a obra\u0165te se [&hellip;]","datePublished":"2024-11-16","dateModified":"2024-11-16","author":{"@type":"Person","@id":"https:\/\/www.acorde.cz\/author\/#Person","name":"","url":"https:\/\/www.acorde.cz\/author\/","identifier":1,"image":{"@type":"ImageObject","@id":"https:\/\/secure.gravatar.com\/avatar\/3c4e99fa9a9806cd5e8fd7cac6ca73ff5bbf5f3ee309e1745415eebd31482909?s=96&d=mm&r=g","url":"https:\/\/secure.gravatar.com\/avatar\/3c4e99fa9a9806cd5e8fd7cac6ca73ff5bbf5f3ee309e1745415eebd31482909?s=96&d=mm&r=g","height":96,"width":96}},"publisher":{"@type":"Organization","name":"acorde.cz","logo":{"@type":"ImageObject","@id":"\/logo.png","url":"\/logo.png","width":600,"height":60}},"url":"https:\/\/www.acorde.cz\/nadherne-a-stylove\/","wordCount":194,"articleBody":"U\u017e jste p\u0159em\u00fd\u0161leli o tom, jak\u00e9 snubn\u00ed prsteny vyberete na V\u00e1\u0161 velk\u00fd den? M\u00e1me pro V\u00e1s jedine\u010dnou p\u0159\u00edle\u017eitost. Vyberte si \u0161perky u n\u00e1s a my V\u00e1m zaru\u010dujeme, \u017ee \u017e\u00e1dn\u00e9 takov\u00e9 byste jinde nesehnali. Jde n\u00e1m p\u0159edev\u0161\u00edm o tom, aby byly na\u0161e \u0161perky vyr\u00e1b\u011bn\u00e9 z t\u011bch neju\u0161lechtilej\u0161\u00edch kov\u016f a Vy tak poznali to, co je to luxus. Nev\u00e1hejte a obra\u0165te se na n\u00e1s, pokud V\u00e1s zaj\u00edmaj\u00ed detaily n\u00e1kupu.Slavn\u00fd den se \u0161perky od n\u00e1sProto\u017ee se na trhu svateb pohybujeme ji\u017e n\u011bkolik let, v\u00edme, co od n\u00e1s na\u0161i v\u00e1\u017een\u00ed z\u00e1kazn\u00edci vy\u017eaduj\u00ed. Vy se nyn\u00ed m\u016f\u017eete pod\u00edvat na na\u0161e webov\u00e9 str\u00e1nky, kde jsme pro V\u00e1s p\u0159ipravili obr\u00e1zkovou galerii v\u0161eho, co u n\u00e1s nab\u00edz\u00edme. Nev\u00e1hejte a prohl\u00e9dn\u011bte si p\u011bkn\u011b ka\u017ed\u00fd kousek zvl\u00e1\u0161\u0165. S ur\u010ditost\u00ed V\u00e1m m\u016f\u017eeme \u0159\u00edct, \u017ee u n\u00e1s si vyberete za ka\u017edou cenu. Tak pr\u010d to nezkusit?                                                                                                                                                                                                                                                                                                                                                                                        4.7\/5 - (3 votes)        "},{"@context":"https:\/\/schema.org\/","@type":"BreadcrumbList","itemListElement":[{"@type":"ListItem","position":1,"name":"N\u00e1dhern\u00e9 a stylov\u00e9","item":"https:\/\/www.acorde.cz\/nadherne-a-stylove\/#breadcrumbitem"}]}]