[{"@context":"https:\/\/schema.org\/","@type":"Article","@id":"https:\/\/www.acorde.cz\/kdyz-se-vam-veci-srazi\/#Article","mainEntityOfPage":"https:\/\/www.acorde.cz\/kdyz-se-vam-veci-srazi\/","headline":"Kdy\u017e se v\u00e1m v\u011bci sraz\u00ed","name":"Kdy\u017e se v\u00e1m v\u011bci sraz\u00ed","description":"Zd\u00e1 se v\u00e1m, \u017ee jste snad ze v\u0161eho, co m\u00e1te ve sk\u0159\u00edni, vyrostla? A\u0165 u\u017e jste se zv\u011bt\u0161ila vy, nebo naopak to d\u00e1msk\u00e9 oble\u010den\u00ed se po vypr\u00e1n\u00ed zmen\u0161ilo, je na v\u00e1s, jak tyto v\u011bci nahradit. Mo\u017en\u00e1 p\u016fjdou je\u0161t\u011b n\u011bjak nahradit, ale pokud nezhubnete, pak u\u017e si sv\u00e9 obl\u00edben\u00e9 kalhoty nebudete moci vz\u00edt. Tak co, p\u016fjdete rad\u011bji do fitness centra nebo [&hellip;]","datePublished":"2025-02-19","dateModified":"2025-02-19","author":{"@type":"Person","@id":"https:\/\/www.acorde.cz\/author\/#Person","name":"","url":"https:\/\/www.acorde.cz\/author\/","identifier":1,"image":{"@type":"ImageObject","@id":"https:\/\/secure.gravatar.com\/avatar\/3c4e99fa9a9806cd5e8fd7cac6ca73ff5bbf5f3ee309e1745415eebd31482909?s=96&d=mm&r=g","url":"https:\/\/secure.gravatar.com\/avatar\/3c4e99fa9a9806cd5e8fd7cac6ca73ff5bbf5f3ee309e1745415eebd31482909?s=96&d=mm&r=g","height":96,"width":96}},"publisher":{"@type":"Organization","name":"acorde.cz","logo":{"@type":"ImageObject","@id":"\/logo.png","url":"\/logo.png","width":600,"height":60}},"url":"https:\/\/www.acorde.cz\/kdyz-se-vam-veci-srazi\/","wordCount":195,"articleBody":" Zd\u00e1 se v\u00e1m, \u017ee jste snad ze v\u0161eho, co m\u00e1te ve sk\u0159\u00edni, vyrostla? A\u0165 u\u017e jste se zv\u011bt\u0161ila vy, nebo naopak to d\u00e1msk\u00e9 oble\u010den\u00ed se po vypr\u00e1n\u00ed zmen\u0161ilo, je na v\u00e1s, jak tyto v\u011bci nahradit. Mo\u017en\u00e1 p\u016fjdou je\u0161t\u011b n\u011bjak nahradit, ale pokud nezhubnete, pak u\u017e si sv\u00e9 obl\u00edben\u00e9 kalhoty nebudete moci vz\u00edt. Tak co, p\u016fjdete rad\u011bji do fitness centra nebo nakupovat? Star\u0161\u00ed kousky Ne v\u0161echny na\u0161e skv\u011bl\u00e9 kousky, kter\u00e9 si schov\u00e1v\u00e1me v \u0161atn\u00edku, mohou vydr\u017eet nav\u011bky. N\u011bkter\u00e9 se vy\u0161oupou, jin\u00e9 se zni\u010d\u00ed v\u011bkem, z jin\u00fdch vyrostete. Pokud se toto d\u00e1msk\u00e9 oble\u010den\u00ed ned\u00e1 n\u011bjak\u00fdm zp\u016fsobem upravit nebo obe\u0161\u00edt a pou\u017e\u00edt n\u011bjak\u00fdm jin\u00fdm zp\u016fsobem, pak v\u00e1s nebude \u010dekat nic jin\u00e9ho, ne\u017e n\u00e1v\u0161t\u011bva obchodu a hled\u00e1n\u00ed n\u011b\u010deho nov\u00e9ho, co byste si na sebe mohla vz\u00edt. I kdy\u017e v\u00e1s n\u00e1kupy nemus\u00ed za\u010d\u00edt bavit, aspo\u0148 budete m\u00edt zase na \u010das vystar\u00e1no.                                                                                                                                                                                                                                                                                                                                                                                        3\/5 - (1 vote)        "},{"@context":"https:\/\/schema.org\/","@type":"BreadcrumbList","itemListElement":[{"@type":"ListItem","position":1,"name":"Kdy\u017e se v\u00e1m v\u011bci sraz\u00ed","item":"https:\/\/www.acorde.cz\/kdyz-se-vam-veci-srazi\/#breadcrumbitem"}]}]