[{"@context":"https:\/\/schema.org\/","@type":"Article","@id":"https:\/\/www.acorde.cz\/kabelove-retezy-se-hodi-i-k-vam-do-firmy\/#Article","mainEntityOfPage":"https:\/\/www.acorde.cz\/kabelove-retezy-se-hodi-i-k-vam-do-firmy\/","headline":"Kabelov\u00e9 \u0159et\u011bzy se hod\u00ed i k v\u00e1m do firmy","name":"Kabelov\u00e9 \u0159et\u011bzy se hod\u00ed i k v\u00e1m do firmy","description":"Jestli jde i v\u00e1m o to, spolehnout se na n\u011bkoho, kdo je specialistou na modern\u00ed kabelov\u00e9 \u0159et\u011bzy, m\u011bli byste v\u0161echno v\u017edy vy\u0159e\u0161it velmi jednodu\u0161e. Jde o to, abyste dostali kvalitn\u00ed model, kter\u00fd spl\u0148uje v\u0161echny va\u0161e po\u017eadavky jak na to, jak\u00fd je to typ, tak i na pou\u017eit\u00fd materi\u00e1l a odolnost. D\u00edky tomu si budete jist\u00ed, \u017ee se hod\u00ed i k\u00a0v\u00e1m [&hellip;]","datePublished":"2024-10-29","dateModified":"2024-10-29","author":{"@type":"Person","@id":"https:\/\/www.acorde.cz\/author\/#Person","name":"","url":"https:\/\/www.acorde.cz\/author\/","identifier":1,"image":{"@type":"ImageObject","@id":"https:\/\/secure.gravatar.com\/avatar\/3c4e99fa9a9806cd5e8fd7cac6ca73ff5bbf5f3ee309e1745415eebd31482909?s=96&d=mm&r=g","url":"https:\/\/secure.gravatar.com\/avatar\/3c4e99fa9a9806cd5e8fd7cac6ca73ff5bbf5f3ee309e1745415eebd31482909?s=96&d=mm&r=g","height":96,"width":96}},"publisher":{"@type":"Organization","name":"acorde.cz","logo":{"@type":"ImageObject","@id":"\/logo.png","url":"\/logo.png","width":600,"height":60}},"url":"https:\/\/www.acorde.cz\/kabelove-retezy-se-hodi-i-k-vam-do-firmy\/","wordCount":228,"articleBody":"\tJestli jde i v\u00e1m o to, spolehnout se na n\u011bkoho, kdo je specialistou na modern\u00ed kabelov\u00e9 \u0159et\u011bzy, m\u011bli byste v\u0161echno v\u017edy vy\u0159e\u0161it velmi jednodu\u0161e. Jde o to, abyste dostali kvalitn\u00ed model, kter\u00fd spl\u0148uje v\u0161echny va\u0161e po\u017eadavky jak na to, jak\u00fd je to typ, tak i na pou\u017eit\u00fd materi\u00e1l a odolnost. D\u00edky tomu si budete jist\u00ed, \u017ee se hod\u00ed i k\u00a0v\u00e1m do v\u00fdroby a \u017ee nebudete m\u00edt s\u00a0t\u011bmito v\u00fdrobky doopravdy v\u016fbec \u017e\u00e1dn\u00e9 probl\u00e9my a pot\u00ed\u017ee. Je ale d\u016fle\u017eit\u00e9, abyste se dohodnuli na spolupr\u00e1ci, kterou chcete a se kterou nebudete m\u00edt pot\u00ed\u017ee. Proto byste m\u011bli v\u0161echno konzultovat a dohodnout se na v\u0161em. Nevznikne tak n\u011bjak\u00e9 nedorozum\u011bn\u00ed, kter\u00e9 by dod\u00e1vku zdr\u017eelo.\tV\u011b\u0159te tomu, \u017ee v\u00e1m budou pln\u011b vyhovovatDnes se m\u016f\u017eete na tyto v\u00fdrobky a na firmy, kter\u00e9 se na n\u011b specializuj\u00ed, ve v\u0161em spolehnout. Nemus\u00edte se s\u00a0nimi b\u00e1t toho, \u017ee by byla spolupr\u00e1ce nekvalitn\u00ed nebo \u017ee by nefungovala podle va\u0161ich p\u0159\u00e1n\u00ed a po\u017eadavk\u016f. I proto se nestane, \u017ee byste nedostali takovou kvalitu, kterou jste o\u010dek\u00e1vali nebo \u017ee by n\u011bjak\u00fd d\u00edl nebyl sou\u010d\u00e1st\u00ed balen\u00ed.                                                                                                                                                                                                                                                                                                                                                                                        3.6\/5 - (5 votes)        "},{"@context":"https:\/\/schema.org\/","@type":"BreadcrumbList","itemListElement":[{"@type":"ListItem","position":1,"name":"Kabelov\u00e9 \u0159et\u011bzy se hod\u00ed i k v\u00e1m do firmy","item":"https:\/\/www.acorde.cz\/kabelove-retezy-se-hodi-i-k-vam-do-firmy\/#breadcrumbitem"}]}]