[{"@context":"https:\/\/schema.org\/","@type":"Article","@id":"https:\/\/www.acorde.cz\/instalater-zasahuje-i-v-sestem-prazskem-obvodu\/#Article","mainEntityOfPage":"https:\/\/www.acorde.cz\/instalater-zasahuje-i-v-sestem-prazskem-obvodu\/","headline":"Instalat\u00e9r zasahuje i v \u0161est\u00e9m pra\u017esk\u00e9m obvodu","name":"Instalat\u00e9r zasahuje i v \u0161est\u00e9m pra\u017esk\u00e9m obvodu","description":"Po\u0159\u00eddili jste si bydlen\u00ed v Praze 6, nebo jste byt dokonce z\u00edskali v d\u011bdick\u00e9m \u0159\u00edzen\u00ed? Pak v\u00e1m m\u016f\u017eeme pouze gratulovat, proto\u017ee \u0161est\u00fd pra\u017esk\u00fd obvod pat\u0159\u00ed k t\u011bm nejkr\u00e1sn\u011bj\u0161\u00edm a nejzaj\u00edmav\u011bj\u0161\u00edm. Co v\u00e1m m\u016f\u017ee nab\u00eddnout? N\u00e1dhern\u00e9 vyhl\u00eddky sm\u011brem na Vltavu od s\u00eddli\u0161t\u011b Baba, zaj\u00edmav\u00e9 \u010dlenit\u00e9 ter\u00e9ny v P\u0159\u00edrodn\u00edm parku \u0160\u00e1rka-Lysolaje, \u00fa\u017easn\u00e9 cyklotrasy pro ka\u017edodenn\u00ed proj\u00ed\u017e\u010fky na kole, p\u0159ehradu D\u017eb\u00e1n, jako\u017eto p\u0159\u00edrodn\u00ed [&hellip;]","datePublished":"2023-01-22","dateModified":"2023-05-06","author":{"@type":"Person","@id":"https:\/\/www.acorde.cz\/author\/#Person","name":"","url":"https:\/\/www.acorde.cz\/author\/","identifier":1,"image":{"@type":"ImageObject","@id":"https:\/\/secure.gravatar.com\/avatar\/3c4e99fa9a9806cd5e8fd7cac6ca73ff5bbf5f3ee309e1745415eebd31482909?s=96&d=mm&r=g","url":"https:\/\/secure.gravatar.com\/avatar\/3c4e99fa9a9806cd5e8fd7cac6ca73ff5bbf5f3ee309e1745415eebd31482909?s=96&d=mm&r=g","height":96,"width":96}},"publisher":{"@type":"Organization","name":"acorde.cz","logo":{"@type":"ImageObject","@id":"\/logo.png","url":"\/logo.png","width":600,"height":60}},"image":{"@type":"ImageObject","@id":"https:\/\/www.acorde.cz\/wp-content\/uploads\/plumber-gf0ddf0e0d_640.jpg","url":"https:\/\/www.acorde.cz\/wp-content\/uploads\/plumber-gf0ddf0e0d_640.jpg","height":0,"width":0},"url":"https:\/\/www.acorde.cz\/instalater-zasahuje-i-v-sestem-prazskem-obvodu\/","about":["Podnik\u00e1n\u00ed"],"wordCount":441,"articleBody":"   Po\u0159\u00eddili jste si bydlen\u00ed v Praze 6, nebo jste byt dokonce z\u00edskali v d\u011bdick\u00e9m \u0159\u00edzen\u00ed? Pak v\u00e1m m\u016f\u017eeme pouze gratulovat, proto\u017ee \u0161est\u00fd pra\u017esk\u00fd obvod pat\u0159\u00ed k t\u011bm nejkr\u00e1sn\u011bj\u0161\u00edm a nejzaj\u00edmav\u011bj\u0161\u00edm. Co v\u00e1m m\u016f\u017ee nab\u00eddnout?N\u00e1dhern\u00e9 vyhl\u00eddky sm\u011brem na Vltavu od s\u00eddli\u0161t\u011b Baba, zaj\u00edmav\u00e9 \u010dlenit\u00e9 ter\u00e9ny v P\u0159\u00edrodn\u00edm parku \u0160\u00e1rka-Lysolaje, \u00fa\u017easn\u00e9 cyklotrasy pro ka\u017edodenn\u00ed proj\u00ed\u017e\u010fky na kole, p\u0159ehradu D\u017eb\u00e1n, jako\u017eto p\u0159\u00edrodn\u00ed koupali\u0161t\u011b, plaveck\u00fd baz\u00e9n v \u0161\u00e1reck\u00e9m \u00fadol\u00ed mezi smrkov\u00fdm porostem a tak\u00e9 ruzy\u0148sk\u00e9 leti\u0161t\u011b, kter\u00e9 m\u00e1te v p\u0159\u00edpad\u011b odletu na dovolenou doslova p\u0159i ruce, a m\u016f\u017eete i mezi Tuchom\u011b\u0159icemi a P\u0159edn\u00ed Kopaninou pozorovat p\u0159ist\u00e1vaj\u00edc\u00ed letouny.Mo\u017en\u00e1, \u017ee si tu nebudete p\u0159ipadat ani v Praze, proto\u017ee Divok\u00e1 \u0160\u00e1rka je natolik rozs\u00e1hl\u00e1 a \u010dlenit\u00e1, \u017ee v\u00e1m bude p\u0159ipadat, jako horsk\u00fd ter\u00e9n.Kdy\u017e v\u00e1m va\u0161e rozj\u00edm\u00e1n\u00ed v byt\u011b p\u0159ekaz\u00ed ucpan\u00fd z\u00e1chodM\u00e1te-li v byt\u011b jedinou toaletu, a ta se v\u00e1m po spl\u00e1chnut\u00ed zapln\u00ed vodou a\u017e po okraj, a nem\u00e1 se k tomu, aby plynule odt\u00e9kala, v\u011bt\u0161ina lid\u00ed na va\u0161em m\u00edst\u011b alespo\u0148 znejist\u00ed a za\u010dne p\u0159em\u00fd\u0161let nad t\u00edm, kam si ulo\u017eila gumov\u00fd zvon. Ten si obvykle dok\u00e1\u017ee poradit s v\u011bt\u0161inou podobn\u00fdch situac\u00ed, a je to skute\u010dn\u011b pom\u016fcka k pohled\u00e1n\u00ed.Jen\u017ee ne v\u017edy zvon zabere, a odpad st\u00e1le neodt\u00e9k\u00e1, i kdy\u017e se sna\u017e\u00edte sebev\u00edc p\u0159itla\u010dit. Fyzick\u00e1 s\u00edla n\u011bkdy skute\u010dn\u011b nepom\u00e1h\u00e1, pokud je ucp\u00e1vka v del\u0161\u00ed vzd\u00e1lenosti od toalety, zejm\u00e9na jde-li o probl\u00e9m v kanaliza\u010dn\u00ed soustav\u011b. A na ni jsou pak va\u0161e triky kr\u00e1tk\u00e9 a tehdy je \u010das volat v Praze 6 instalat\u00e9ra Kanalizace instalat\u00e9\u0159i.Instalat\u00e9\u0159i se v\u011bnuj\u00ed mimo jin\u00e9 i \u010di\u0161t\u011bn\u00ed odpad\u016f a kanalizac\u00ed, ov\u0161em nikoli jako amat\u00e9\u0159i, n\u00fdbr\u017e profesion\u00e1ln\u00edm zp\u016fsobem. Vyu\u017e\u00edvaj\u00ed r\u016fzn\u00e9 metody, nap\u0159. tlakovou vodu nebo mechanick\u00e9 fr\u00e9zy, pot\u0159ebn\u00e9 v situac\u00edch, kdy kanalizaci zanese prorostl\u00fd ko\u0159enov\u00fd bal strom\u016f a ke\u0159\u016f nebo siln\u00e9 n\u00e1nosy bahna, \u0161t\u011brku a kamen\u00ed. Vy\u010di\u0161t\u011bn\u00ed kanaliza\u010dn\u00ed p\u0159\u00edpojky a odpad\u016f ve va\u0161em dom\u011b se prov\u00e1d\u00ed i v r\u00e1mci havarijn\u00edho servisu, je tedy mo\u017en\u00e9 volat instalat\u00e9ry na tyto z\u00e1vady prakticky kdykoli.                                                                                                                                                                                                                                                                                                                                                                                          3.9\/5 - (14 votes)        "},{"@context":"https:\/\/schema.org\/","@type":"BreadcrumbList","itemListElement":[{"@type":"ListItem","position":1,"name":"Instalat\u00e9r zasahuje i v \u0161est\u00e9m pra\u017esk\u00e9m obvodu","item":"https:\/\/www.acorde.cz\/instalater-zasahuje-i-v-sestem-prazskem-obvodu\/#breadcrumbitem"}]}]