[{"@context":"https:\/\/schema.org\/","@type":"Article","@id":"https:\/\/www.acorde.cz\/idealni-misto-pro-odpocinek\/#Article","mainEntityOfPage":"https:\/\/www.acorde.cz\/idealni-misto-pro-odpocinek\/","headline":"Ide\u00e1ln\u00ed m\u00edsto pro odpo\u010dinek","name":"Ide\u00e1ln\u00ed m\u00edsto pro odpo\u010dinek","description":"Ka\u017ed\u00fd m\u00e1 jin\u00e9 p\u0159edstavy o tom, jak si za\u0159\u00edd\u00ed sv\u016fj byt nebo d\u016fm. N\u011bkomu vyhovuje m\u00edt v\u0161ude spoustu v\u011bc\u00ed, jin\u00fd se c\u00edt\u00ed dob\u0159e v prost\u0159ed\u00ed s minimem n\u00e1bytku. N\u011bkdo m\u00e1 r\u00e1d barvy, jin\u00fd s nimi vylo\u017een\u011b \u0161et\u0159\u00ed. Co dom\u00e1cnost to vlastn\u00ed styl. Ka\u017ed\u00e1 n\u00e1v\u0161t\u011bva je tak zaj\u00edmav\u00fdm exkurzem a inspirac\u00ed. Ov\u0161em k jednomu zji\u0161t\u011bn\u00ed b\u011bhem sv\u00fdch n\u00e1v\u0161t\u011bv dojdete hodn\u011b brzy. [&hellip;]","datePublished":"2023-09-08","dateModified":"2023-09-08","author":{"@type":"Person","@id":"https:\/\/www.acorde.cz\/author\/#Person","name":"","url":"https:\/\/www.acorde.cz\/author\/","identifier":1,"image":{"@type":"ImageObject","@id":"https:\/\/secure.gravatar.com\/avatar\/3c4e99fa9a9806cd5e8fd7cac6ca73ff5bbf5f3ee309e1745415eebd31482909?s=96&d=mm&r=g","url":"https:\/\/secure.gravatar.com\/avatar\/3c4e99fa9a9806cd5e8fd7cac6ca73ff5bbf5f3ee309e1745415eebd31482909?s=96&d=mm&r=g","height":96,"width":96}},"publisher":{"@type":"Organization","name":"acorde.cz","logo":{"@type":"ImageObject","@id":"\/logo.png","url":"\/logo.png","width":600,"height":60}},"url":"https:\/\/www.acorde.cz\/idealni-misto-pro-odpocinek\/","wordCount":274,"articleBody":"Ka\u017ed\u00fd m\u00e1 jin\u00e9 p\u0159edstavy o tom, jak si za\u0159\u00edd\u00ed sv\u016fj byt nebo d\u016fm. N\u011bkomu vyhovuje m\u00edt v\u0161ude spoustu v\u011bc\u00ed, jin\u00fd se c\u00edt\u00ed dob\u0159e v prost\u0159ed\u00ed s minimem n\u00e1bytku. N\u011bkdo m\u00e1 r\u00e1d barvy, jin\u00fd s nimi vylo\u017een\u011b \u0161et\u0159\u00ed. Co dom\u00e1cnost to vlastn\u00ed styl. Ka\u017ed\u00e1 n\u00e1v\u0161t\u011bva je tak zaj\u00edmav\u00fdm exkurzem a inspirac\u00ed. Ov\u0161em k jednomu zji\u0161t\u011bn\u00ed b\u011bhem sv\u00fdch n\u00e1v\u0161t\u011bv dojdete hodn\u011b brzy. V\u0161echny ob\u00fdvac\u00ed pokoje maj\u00ed n\u011bco, co je spojuje. T\u00edm poj\u00edtkem je n\u00e1bytek, kter\u00fd nem\u016f\u017ee chyb\u011bt nikomu. Sedac\u00ed souprava je spole\u010dn\u00edk, d\u00edky kter\u00e9mu m\u00e1 ka\u017ed\u00fd zaji\u0161t\u011bn\u00e9 dokonal\u00e9 pohodl\u00ed.Modern\u00ed n\u00e1bytek za p\u0159\u00edzniv\u00e9 cenyNen\u00ed um\u011bn\u00ed po\u0159\u00eddit si hezk\u00e9 v\u011bci za vysokou cenu. Um\u011bn\u00ed je obklopit se kr\u00e1sou a kvalitou, kter\u00e1 nevyjde draze. P\u0159ijm\u011bte proto pozv\u00e1nku do e-shopu, kter\u00fd v\u00e1m p\u0159esn\u011b takov\u00e9 n\u00e1kupy umo\u017en\u00ed. Ke spokojenosti ka\u017ed\u00e9ho z\u00e1kazn\u00edka p\u0159isp\u00edv\u00e1 \u0161\u0165astn\u00e1 souhra hned n\u011bkolika faktor\u016f. Jednak je to dostate\u010dn\u011b \u0161irok\u00e1 a rozmanit\u00e1 nab\u00eddka modern\u00edho n\u00e1bytku v\u0161eho durhu. D\u00e1le je to prvot\u0159\u00eddn\u00ed kvalita ve\u0161ker\u00e9ho nab\u00edzen\u00e9ho zbo\u017e\u00ed. A v neposledn\u00ed \u0159ad\u011b jsou to velmi rozumn\u011b stanoven\u00e9 ceny. A t\u0159e\u0161ni\u010dkou na dortu je pak dokonal\u00fd z\u00e1kaznick\u00fd servis. Pokud m\u00e1te z\u00e1jem o sedac\u00ed soupravu, tak si jich tady mo\u017en\u00e1 koup\u00edte hned v\u00edc.                                                                                                                                                                                                                                                                                                                                                                                        4.4\/5 - (7 votes)        "},{"@context":"https:\/\/schema.org\/","@type":"BreadcrumbList","itemListElement":[{"@type":"ListItem","position":1,"name":"Ide\u00e1ln\u00ed m\u00edsto pro odpo\u010dinek","item":"https:\/\/www.acorde.cz\/idealni-misto-pro-odpocinek\/#breadcrumbitem"}]}]