[{"@context":"https:\/\/schema.org\/","@type":"Article","@id":"https:\/\/www.acorde.cz\/i-vy-se-budete-citit-skvele\/#Article","mainEntityOfPage":"https:\/\/www.acorde.cz\/i-vy-se-budete-citit-skvele\/","headline":"I Vy se budete c\u00edtit skv\u011ble","name":"I Vy se budete c\u00edtit skv\u011ble","description":"\u017deny se v\u017edy sna\u017e\u00ed b\u00fdt ozdobou spole\u010dnosti, o sv\u016fj vzhled tedy pe\u010duj\u00ed a staraj\u00ed se o to, aby vypadaly tak dob\u0159e, jak to jenom p\u016fjde. Na n\u011bco takov\u00e9ho m\u00e1 ov\u0161em vliv velk\u00e9 mno\u017estv\u00ed faktor\u016f, kter\u00e9 nen\u00ed dobr\u00e9 podce\u0148ovat. Nen\u00ed to jenom o upravenosti a o tom, jak vlastn\u011b na svoje okol\u00ed p\u016fsob\u00edte. Z\u00e1le\u017e\u00ed na mnohem v\u011bt\u0161\u00edm mno\u017estv\u00ed v\u011bc\u00ed, kter\u00e9 byste [&hellip;]","datePublished":"2017-12-21","dateModified":"2023-05-06","author":{"@type":"Person","@id":"https:\/\/www.acorde.cz\/author\/#Person","name":"","url":"https:\/\/www.acorde.cz\/author\/","identifier":1,"image":{"@type":"ImageObject","@id":"https:\/\/secure.gravatar.com\/avatar\/3c4e99fa9a9806cd5e8fd7cac6ca73ff5bbf5f3ee309e1745415eebd31482909?s=96&d=mm&r=g","url":"https:\/\/secure.gravatar.com\/avatar\/3c4e99fa9a9806cd5e8fd7cac6ca73ff5bbf5f3ee309e1745415eebd31482909?s=96&d=mm&r=g","height":96,"width":96}},"publisher":{"@type":"Organization","name":"acorde.cz","logo":{"@type":"ImageObject","@id":"\/logo.png","url":"\/logo.png","width":600,"height":60}},"image":{"@type":"ImageObject","@id":"https:\/\/www.acorde.cz\/wp-content\/uploads\/img_a314692_w2688_t1525712829.jpg","url":"https:\/\/www.acorde.cz\/wp-content\/uploads\/img_a314692_w2688_t1525712829.jpg","height":0,"width":0},"url":"https:\/\/www.acorde.cz\/i-vy-se-budete-citit-skvele\/","about":["N\u00e1kupy"],"wordCount":355,"articleBody":"     \u017deny se v\u017edy sna\u017e\u00ed b\u00fdt ozdobou spole\u010dnosti, o sv\u016fj vzhled tedy pe\u010duj\u00ed a staraj\u00ed se o to, aby vypadaly tak dob\u0159e, jak to jenom p\u016fjde. Na n\u011bco takov\u00e9ho m\u00e1 ov\u0161em vliv velk\u00e9 mno\u017estv\u00ed faktor\u016f, kter\u00e9 nen\u00ed dobr\u00e9 podce\u0148ovat. Nen\u00ed to jenom o upravenosti a o tom, jak vlastn\u011b na svoje okol\u00ed p\u016fsob\u00edte. Z\u00e1le\u017e\u00ed na mnohem v\u011bt\u0161\u00edm mno\u017estv\u00ed v\u011bc\u00ed, kter\u00e9 byste zaru\u010den\u011b nem\u011bli podce\u0148ovat. Velkou roli hraje nejen samotn\u00fd od\u011bv \u010di l\u00ed\u010den\u00ed, ale tak\u00e9 dopl\u0148ky a r\u016fzn\u00e9 drobnosti, kter\u00e9 se vyplat\u00ed m\u00edt po ruce. Pro\u010d tedy na n\u011bco takov\u00e9ho nevsadit? Rozhodn\u011b nebudete muset ni\u010deho litovat.Vyberte si kabelku podle sv\u00fdch p\u0159edstav Snad ka\u017ed\u00e1 \u017eena by m\u011bla m\u00edt po ruce kvalitn\u00ed kabelku, kter\u00e1 se stane nejen zaj\u00edmav\u00fdm dopl\u0148kem, ale tak\u00e9 praktickou v\u011bc\u00ed, na kterou je spolehnut\u00ed. V\u011b\u0159te tedy tomu, \u017ee si budete moct p\u0159ij\u00edt na sv\u00e9 a rozhodn\u011b nebudete muset ni\u010deho litovat. Pokud si takov\u00fd dopln\u011bk zrovna chcete po\u0159izovat, zaru\u010den\u011b je dobr\u00e9 vybrat si takov\u00fd, kter\u00fd bude odpov\u00eddat Va\u0161im p\u0159edstav\u00e1m a se kter\u00fdm budete nadm\u00edru spokojeni. Mo\u017enost\u00ed je mnoho, a proto t\u00e9to skute\u010dnosti vyu\u017eijte ve sv\u016fj prosp\u011bch, rozhodn\u011b tak nebudete muset ni\u010deho litovat.Vyberte si to, co se V\u00e1m bude l\u00edbit I levn\u00e9 kabelky mohou vypadat naprosto skv\u011ble, a proto se ned\u00edvejte pouze na cenu, ale hle\u010fte tak\u00e9 na to, jak na V\u00e1s vybran\u00fd kousek p\u016fsob\u00ed jako celek. Kdy\u017e nic nepodcen\u00edte, tak si zaru\u010den\u011b p\u0159ijdete na sv\u00e9 a nebudete muset ni\u010deho litovat, proto\u017ee se budete moct pono\u0159it do \u0161irok\u00e9 nab\u00eddky zaj\u00edmav\u00fdch kabelek. V t\u00e9to nab\u00eddce tak zaru\u010den\u011b i Vy najdete takov\u00fd kousek, kter\u00fd bude odpov\u00eddat Va\u0161im po\u017eadavk\u016fm a se kter\u00fdm budete velice spokojeni. V\u011b\u0159te tomu, \u017ee nebudete muset ni\u010deho litovat.                                                                                                                                                                                                                                                                                                                                                                                         3.8\/5 - (13 votes)        "},{"@context":"https:\/\/schema.org\/","@type":"BreadcrumbList","itemListElement":[{"@type":"ListItem","position":1,"name":"I Vy se budete c\u00edtit skv\u011ble","item":"https:\/\/www.acorde.cz\/i-vy-se-budete-citit-skvele\/#breadcrumbitem"}]}]