[{"@context":"https:\/\/schema.org\/","@type":"Article","@id":"https:\/\/www.acorde.cz\/hodnoceni-pracovniku-k-firme-neodmyslitelne-patri\/#Article","mainEntityOfPage":"https:\/\/www.acorde.cz\/hodnoceni-pracovniku-k-firme-neodmyslitelne-patri\/","headline":"Hodnocen\u00ed pracovn\u00edk\u016f k firm\u011b neodmysliteln\u011b pat\u0159\u00ed","name":"Hodnocen\u00ed pracovn\u00edk\u016f k firm\u011b neodmysliteln\u011b pat\u0159\u00ed","description":"A t\u00edm se nem\u00e1 na mysli nedbal\u00e9 kritizov\u00e1n\u00ed v\u00fdsledk\u016f zam\u011bstnanc\u016f nebo souzen\u00ed zam\u011bstnance podle jeho charakterov\u00fdch vlastnost\u00ed nebo soukrom\u00e9ho \u017eivota. Jde o naprosto profesion\u00e1ln\u00ed zp\u011btnou vazbu, kter\u00e9 \u00fa\u010delem je zv\u00fd\u0161en\u00ed efektivity v\u00fdkon\u016f a dal\u0161\u00ed motivace. Takov\u00e1 vazba m\u016f\u017ee obsahovat r\u016fzn\u00e9 pom\u016fcky, dotazn\u00edky, \u010di informace od koleg\u016f a dal\u0161\u00edch nad\u0159\u00edzen\u00fdch. Vznikne tak objektivn\u00ed pohled na zam\u011bstnance a shrnut\u00ed jeho v\u00fdsledk\u016f, \u00fasp\u011bch\u016f [&hellip;]","datePublished":"2024-12-02","dateModified":"2024-12-02","author":{"@type":"Person","@id":"https:\/\/www.acorde.cz\/author\/#Person","name":"","url":"https:\/\/www.acorde.cz\/author\/","identifier":1,"image":{"@type":"ImageObject","@id":"https:\/\/secure.gravatar.com\/avatar\/3c4e99fa9a9806cd5e8fd7cac6ca73ff5bbf5f3ee309e1745415eebd31482909?s=96&d=mm&r=g","url":"https:\/\/secure.gravatar.com\/avatar\/3c4e99fa9a9806cd5e8fd7cac6ca73ff5bbf5f3ee309e1745415eebd31482909?s=96&d=mm&r=g","height":96,"width":96}},"publisher":{"@type":"Organization","name":"acorde.cz","logo":{"@type":"ImageObject","@id":"\/logo.png","url":"\/logo.png","width":600,"height":60}},"url":"https:\/\/www.acorde.cz\/hodnoceni-pracovniku-k-firme-neodmyslitelne-patri\/","wordCount":233,"articleBody":"A t\u00edm se nem\u00e1 na mysli nedbal\u00e9 kritizov\u00e1n\u00ed v\u00fdsledk\u016f zam\u011bstnanc\u016f nebo souzen\u00ed zam\u011bstnance podle jeho charakterov\u00fdch vlastnost\u00ed nebo soukrom\u00e9ho \u017eivota. Jde o naprosto profesion\u00e1ln\u00ed zp\u011btnou vazbu, kter\u00e9 \u00fa\u010delem je zv\u00fd\u0161en\u00ed efektivity v\u00fdkon\u016f a dal\u0161\u00ed motivace. Takov\u00e1 vazba m\u016f\u017ee obsahovat r\u016fzn\u00e9 pom\u016fcky, dotazn\u00edky, \u010di informace od koleg\u016f a dal\u0161\u00edch nad\u0159\u00edzen\u00fdch. Vznikne tak objektivn\u00ed pohled na zam\u011bstnance a shrnut\u00ed jeho v\u00fdsledk\u016f, \u00fasp\u011bch\u016f i ne\u00fasp\u011bch\u016f. Je to i o tom, \u017ee i zam\u011bstnanec bude m\u00edt takto mo\u017enost vyj\u00e1d\u0159it sv\u016fj n\u00e1zor, podn\u011bty a post\u0159ehy. Do zam\u011bstn\u00e1n\u00ed s radost\u00ed Profesion\u00e1ln\u00ed hodnocen\u00ed pracovn\u00edk\u016f d\u00e1v\u00e1 firm\u011b i zam\u011bstnanc\u016fm mo\u017enost, jak se vyj\u00e1d\u0159it k jednotliv\u00fdm v\u00fdkon\u016fm, situac\u00edm a c\u00edl\u016fm. Naprosto bez obav bude moci ke sv\u00e9mu v\u00fdkonu \u0159\u00edct sv\u016fj n\u00e1zor i zam\u011bstnanec a obh\u00e1jit svoje po\u010d\u00edn\u00e1n\u00ed. Kone\u010dn\u011b se taky dozv\u00ed, jak je jeho \u00fa\u010dast ve firm\u011b vid\u011bna ze strany zam\u011bstnavatele. Takov\u00e9 setk\u00e1n\u00ed d\u00e1v\u00e1 lidem mo\u017enost vyj\u00e1d\u0159en\u00ed a motivace. Je ji\u017e pak na ka\u017ed\u00e9m jednotlivci, co si z takov\u00e9ho setk\u00e1n\u00ed bude cht\u00edt vz\u00edt k srdci, a jak s informacemi nalo\u017e\u00ed.                                                                                                                                                                                                                                                                                                                                                                                        3.5\/5 - (2 votes)        "},{"@context":"https:\/\/schema.org\/","@type":"BreadcrumbList","itemListElement":[{"@type":"ListItem","position":1,"name":"Hodnocen\u00ed pracovn\u00edk\u016f k firm\u011b neodmysliteln\u011b pat\u0159\u00ed","item":"https:\/\/www.acorde.cz\/hodnoceni-pracovniku-k-firme-neodmyslitelne-patri\/#breadcrumbitem"}]}]