{"@context":"https:\/\/schema.org\/","@type":"CollectionPage","@id":"https:\/\/www.acorde.cz\/finance\/#CollectionPage","headline":"Finance Category","description":"","url":"https:\/\/www.acorde.cz\/finance\/","hasPart":[{"@type":"Article","@id":"https:\/\/www.acorde.cz\/proc-jsou-urokove-sazby-hypotek-tak-vysoke\/","headline":"Pro\u010d jsou \u00farokov\u00e9 sazby hypot\u00e9k tak vysok\u00e9","url":"https:\/\/www.acorde.cz\/proc-jsou-urokove-sazby-hypotek-tak-vysoke\/","datePublished":"2025-11-05","dateModified":"2025-11-05","mainEntityOfPage":"https:\/\/www.acorde.cz\/proc-jsou-urokove-sazby-hypotek-tak-vysoke\/","author":{"@type":"Person","@id":"https:\/\/www.acorde.cz\/author\/#Person","name":"","url":"https:\/\/www.acorde.cz\/author\/","identifier":1,"image":{"@type":"ImageObject","@id":"https:\/\/secure.gravatar.com\/avatar\/3c4e99fa9a9806cd5e8fd7cac6ca73ff5bbf5f3ee309e1745415eebd31482909?s=96&d=mm&r=g","url":"https:\/\/secure.gravatar.com\/avatar\/3c4e99fa9a9806cd5e8fd7cac6ca73ff5bbf5f3ee309e1745415eebd31482909?s=96&d=mm&r=g","height":96,"width":96}},"publisher":{"@type":"Organization","name":"acorde.cz","logo":{"@type":"ImageObject","@id":"\/logo.png","url":"\/logo.png","width":600,"height":60}},"image":{"@type":"ImageObject","@id":"https:\/\/www.acorde.cz\/wp-content\/uploads\/hypoteka8_10_5.jpg","url":"https:\/\/www.acorde.cz\/wp-content\/uploads\/hypoteka8_10_5.jpg","height":0,"width":0},"keywords":null},{"@type":"Article","@id":"https:\/\/www.acorde.cz\/poridte-si-americkou-nebankovni-hypoteku-na-cokoliv\/","headline":"Po\u0159i\u010fte si americkou nebankovn\u00ed hypot\u00e9ku na cokoliv","url":"https:\/\/www.acorde.cz\/poridte-si-americkou-nebankovni-hypoteku-na-cokoliv\/","datePublished":"2025-01-21","dateModified":"2025-01-21","mainEntityOfPage":"https:\/\/www.acorde.cz\/poridte-si-americkou-nebankovni-hypoteku-na-cokoliv\/","author":{"@type":"Person","@id":"https:\/\/www.acorde.cz\/author\/#Person","name":"","url":"https:\/\/www.acorde.cz\/author\/","identifier":1,"image":{"@type":"ImageObject","@id":"https:\/\/secure.gravatar.com\/avatar\/3c4e99fa9a9806cd5e8fd7cac6ca73ff5bbf5f3ee309e1745415eebd31482909?s=96&d=mm&r=g","url":"https:\/\/secure.gravatar.com\/avatar\/3c4e99fa9a9806cd5e8fd7cac6ca73ff5bbf5f3ee309e1745415eebd31482909?s=96&d=mm&r=g","height":96,"width":96}},"publisher":{"@type":"Organization","name":"acorde.cz","logo":{"@type":"ImageObject","@id":"\/logo.png","url":"\/logo.png","width":600,"height":60}},"image":{"@type":"ImageObject","@id":"https:\/\/www.acorde.cz\/wp-content\/uploads\/rupixen-nI--XptpMa8-unsplash.jpg","url":"https:\/\/www.acorde.cz\/wp-content\/uploads\/rupixen-nI--XptpMa8-unsplash.jpg","height":0,"width":0},"keywords":null},{"@type":"Article","@id":"https:\/\/www.acorde.cz\/jak-zvladnout-financni-propad-po-narozeni-ditete\/","headline":"Jak zvl\u00e1dnout finan\u010dn\u00ed propad po narozen\u00ed d\u00edt\u011bte","url":"https:\/\/www.acorde.cz\/jak-zvladnout-financni-propad-po-narozeni-ditete\/","datePublished":"2023-05-06","dateModified":"2023-05-06","mainEntityOfPage":"https:\/\/www.acorde.cz\/jak-zvladnout-financni-propad-po-narozeni-ditete\/","author":{"@type":"Person","@id":"https:\/\/www.acorde.cz\/author\/#Person","name":"","url":"https:\/\/www.acorde.cz\/author\/","identifier":1,"image":{"@type":"ImageObject","@id":"https:\/\/secure.gravatar.com\/avatar\/3c4e99fa9a9806cd5e8fd7cac6ca73ff5bbf5f3ee309e1745415eebd31482909?s=96&d=mm&r=g","url":"https:\/\/secure.gravatar.com\/avatar\/3c4e99fa9a9806cd5e8fd7cac6ca73ff5bbf5f3ee309e1745415eebd31482909?s=96&d=mm&r=g","height":96,"width":96}},"publisher":{"@type":"Organization","name":"acorde.cz","logo":{"@type":"ImageObject","@id":"\/logo.png","url":"\/logo.png","width":600,"height":60}},"image":{"@type":"ImageObject","@id":"https:\/\/www.acorde.cz\/wp-content\/uploads\/img_a336567_w2688_t1549963315.jpg","url":"https:\/\/www.acorde.cz\/wp-content\/uploads\/img_a336567_w2688_t1549963315.jpg","height":0,"width":0},"keywords":null},{"@type":"Article","@id":"https:\/\/www.acorde.cz\/nemam-penize-co-s-tim\/","headline":"Nem\u00e1m pen\u00edze &#8211; co s t\u00edm?","url":"https:\/\/www.acorde.cz\/nemam-penize-co-s-tim\/","datePublished":"2022-04-03","dateModified":"2023-05-06","mainEntityOfPage":"https:\/\/www.acorde.cz\/nemam-penize-co-s-tim\/","author":{"@type":"Person","@id":"https:\/\/www.acorde.cz\/author\/#Person","name":"","url":"https:\/\/www.acorde.cz\/author\/","identifier":1,"image":{"@type":"ImageObject","@id":"https:\/\/secure.gravatar.com\/avatar\/3c4e99fa9a9806cd5e8fd7cac6ca73ff5bbf5f3ee309e1745415eebd31482909?s=96&d=mm&r=g","url":"https:\/\/secure.gravatar.com\/avatar\/3c4e99fa9a9806cd5e8fd7cac6ca73ff5bbf5f3ee309e1745415eebd31482909?s=96&d=mm&r=g","height":96,"width":96}},"publisher":{"@type":"Organization","name":"acorde.cz","logo":{"@type":"ImageObject","@id":"\/logo.png","url":"\/logo.png","width":600,"height":60}},"image":{"@type":"ImageObject","@id":"https:\/\/www.acorde.cz\/wp-content\/uploads\/wallet-gf8e163e2c_640.jpg","url":"https:\/\/www.acorde.cz\/wp-content\/uploads\/wallet-gf8e163e2c_640.jpg","height":0,"width":0},"keywords":null},{"@type":"Article","@id":"https:\/\/www.acorde.cz\/aby-bylo-penez-vic\/","headline":"Aby bylo pen\u011bz v\u00edc","url":"https:\/\/www.acorde.cz\/aby-bylo-penez-vic\/","datePublished":"2021-01-18","dateModified":"2023-05-06","mainEntityOfPage":"https:\/\/www.acorde.cz\/aby-bylo-penez-vic\/","author":{"@type":"Person","@id":"https:\/\/www.acorde.cz\/author\/#Person","name":"","url":"https:\/\/www.acorde.cz\/author\/","identifier":1,"image":{"@type":"ImageObject","@id":"https:\/\/secure.gravatar.com\/avatar\/3c4e99fa9a9806cd5e8fd7cac6ca73ff5bbf5f3ee309e1745415eebd31482909?s=96&d=mm&r=g","url":"https:\/\/secure.gravatar.com\/avatar\/3c4e99fa9a9806cd5e8fd7cac6ca73ff5bbf5f3ee309e1745415eebd31482909?s=96&d=mm&r=g","height":96,"width":96}},"publisher":{"@type":"Organization","name":"acorde.cz","logo":{"@type":"ImageObject","@id":"\/logo.png","url":"\/logo.png","width":600,"height":60}},"image":{"@type":"ImageObject","@id":"https:\/\/www.acorde.cz\/wp-content\/uploads\/le%C5%BE%C3%ADc%C3%AD%20mince_10_3.jpg","url":"https:\/\/www.acorde.cz\/wp-content\/uploads\/le%C5%BE%C3%ADc%C3%AD%20mince_10_3.jpg","height":0,"width":0},"keywords":null},{"@type":"Article","@id":"https:\/\/www.acorde.cz\/jak-prijit-k-penezum\/","headline":"Jak p\u0159ij\u00edt k pen\u011bz\u016fm?","url":"https:\/\/www.acorde.cz\/jak-prijit-k-penezum\/","datePublished":"2019-11-04","dateModified":"2023-05-06","mainEntityOfPage":"https:\/\/www.acorde.cz\/jak-prijit-k-penezum\/","author":{"@type":"Person","@id":"https:\/\/www.acorde.cz\/author\/#Person","name":"","url":"https:\/\/www.acorde.cz\/author\/","identifier":1,"image":{"@type":"ImageObject","@id":"https:\/\/secure.gravatar.com\/avatar\/3c4e99fa9a9806cd5e8fd7cac6ca73ff5bbf5f3ee309e1745415eebd31482909?s=96&d=mm&r=g","url":"https:\/\/secure.gravatar.com\/avatar\/3c4e99fa9a9806cd5e8fd7cac6ca73ff5bbf5f3ee309e1745415eebd31482909?s=96&d=mm&r=g","height":96,"width":96}},"publisher":{"@type":"Organization","name":"acorde.cz","logo":{"@type":"ImageObject","@id":"\/logo.png","url":"\/logo.png","width":600,"height":60}},"image":{"@type":"ImageObject","@id":"https:\/\/www.acorde.cz\/wp-content\/uploads\/img_a369729_w1909_t1581788521.jpg","url":"https:\/\/www.acorde.cz\/wp-content\/uploads\/img_a369729_w1909_t1581788521.jpg","height":0,"width":0},"keywords":null},{"@type":"Article","@id":"https:\/\/www.acorde.cz\/nemenna-urokova-sazba\/","headline":"Nem\u011bnn\u00e1 \u00farokov\u00e1 sazba","url":"https:\/\/www.acorde.cz\/nemenna-urokova-sazba\/","datePublished":"2019-09-13","dateModified":"2023-05-06","mainEntityOfPage":"https:\/\/www.acorde.cz\/nemenna-urokova-sazba\/","author":{"@type":"Person","@id":"https:\/\/www.acorde.cz\/author\/#Person","name":"","url":"https:\/\/www.acorde.cz\/author\/","identifier":1,"image":{"@type":"ImageObject","@id":"https:\/\/secure.gravatar.com\/avatar\/3c4e99fa9a9806cd5e8fd7cac6ca73ff5bbf5f3ee309e1745415eebd31482909?s=96&d=mm&r=g","url":"https:\/\/secure.gravatar.com\/avatar\/3c4e99fa9a9806cd5e8fd7cac6ca73ff5bbf5f3ee309e1745415eebd31482909?s=96&d=mm&r=g","height":96,"width":96}},"publisher":{"@type":"Organization","name":"acorde.cz","logo":{"@type":"ImageObject","@id":"\/logo.png","url":"\/logo.png","width":600,"height":60}},"image":{"@type":"ImageObject","@id":"https:\/\/www.acorde.cz\/wp-content\/uploads\/img_a346368_w1690_t1560506614.jpg","url":"https:\/\/www.acorde.cz\/wp-content\/uploads\/img_a346368_w1690_t1560506614.jpg","height":0,"width":0},"keywords":null},{"@type":"Article","@id":"https:\/\/www.acorde.cz\/nebankovni-hypoteky-vyzaduji-ruceni-nemovitosti\/","headline":"Nebankovn\u00ed hypot\u00e9ky vy\u017eaduj\u00ed ru\u010den\u00ed nemovitost\u00ed","url":"https:\/\/www.acorde.cz\/nebankovni-hypoteky-vyzaduji-ruceni-nemovitosti\/","datePublished":"2019-01-25","dateModified":"2023-05-06","mainEntityOfPage":"https:\/\/www.acorde.cz\/nebankovni-hypoteky-vyzaduji-ruceni-nemovitosti\/","author":{"@type":"Person","@id":"https:\/\/www.acorde.cz\/author\/#Person","name":"","url":"https:\/\/www.acorde.cz\/author\/","identifier":1,"image":{"@type":"ImageObject","@id":"https:\/\/secure.gravatar.com\/avatar\/3c4e99fa9a9806cd5e8fd7cac6ca73ff5bbf5f3ee309e1745415eebd31482909?s=96&d=mm&r=g","url":"https:\/\/secure.gravatar.com\/avatar\/3c4e99fa9a9806cd5e8fd7cac6ca73ff5bbf5f3ee309e1745415eebd31482909?s=96&d=mm&r=g","height":96,"width":96}},"publisher":{"@type":"Organization","name":"acorde.cz","logo":{"@type":"ImageObject","@id":"\/logo.png","url":"\/logo.png","width":600,"height":60}},"image":{"@type":"ImageObject","@id":"https:\/\/www.acorde.cz\/wp-content\/uploads\/img_a337358_w1712_t1550559742.jpg","url":"https:\/\/www.acorde.cz\/wp-content\/uploads\/img_a337358_w1712_t1550559742.jpg","height":0,"width":0},"keywords":null},{"@type":"Article","@id":"https:\/\/www.acorde.cz\/spokojte-se-s-tim-nejlepsim\/","headline":"Spokojte se s t\u00edm nejlep\u0161\u00edm","url":"https:\/\/www.acorde.cz\/spokojte-se-s-tim-nejlepsim\/","datePublished":"2017-12-12","dateModified":"2017-12-12","mainEntityOfPage":"https:\/\/www.acorde.cz\/spokojte-se-s-tim-nejlepsim\/","author":{"@type":"Person","@id":"https:\/\/www.acorde.cz\/author\/#Person","name":"","url":"https:\/\/www.acorde.cz\/author\/","identifier":1,"image":{"@type":"ImageObject","@id":"https:\/\/secure.gravatar.com\/avatar\/3c4e99fa9a9806cd5e8fd7cac6ca73ff5bbf5f3ee309e1745415eebd31482909?s=96&d=mm&r=g","url":"https:\/\/secure.gravatar.com\/avatar\/3c4e99fa9a9806cd5e8fd7cac6ca73ff5bbf5f3ee309e1745415eebd31482909?s=96&d=mm&r=g","height":96,"width":96}},"publisher":{"@type":"Organization","name":"acorde.cz","logo":{"@type":"ImageObject","@id":"\/logo.png","url":"\/logo.png","width":600,"height":60}},"image":{"@type":"ImageObject","@id":"https:\/\/www.acorde.cz\/wp-content\/uploads\/img_a311581_w1969_t1522322471.jpg","url":"https:\/\/www.acorde.cz\/wp-content\/uploads\/img_a311581_w1969_t1522322471.jpg","height":0,"width":0},"keywords":null}]}