[{"@context":"https:\/\/schema.org\/","@type":"Article","@id":"https:\/\/www.acorde.cz\/elektrikar-v-nove-zrizene-provozovne-kadernictvi\/#Article","mainEntityOfPage":"https:\/\/www.acorde.cz\/elektrikar-v-nove-zrizene-provozovne-kadernictvi\/","headline":"Elektrik\u00e1\u0159 v nov\u011b z\u0159\u00edzen\u00e9 provozovn\u011b kade\u0159nictv\u00ed","name":"Elektrik\u00e1\u0159 v nov\u011b z\u0159\u00edzen\u00e9 provozovn\u011b kade\u0159nictv\u00ed","description":"M\u00e1te v pl\u00e1nu otev\u0159\u00edt kade\u0159nick\u00fd sal\u00f3n a spolu s n\u00edm t\u0159eba provozovat i mas\u00e1\u017ee a pedik\u00faru? A budete m\u00edt za t\u00edmto \u00fa\u010delem v provozu objekt slu\u017eeb, kam budou va\u0161i z\u00e1kazn\u00edci doch\u00e1zet, z\u0159\u00edzen\u00fd nap\u0159\u00edklad z m\u011bstsk\u00e9ho bytu anebo z \u010d\u00e1sti rodinn\u00e9ho domu na venkov\u011b? Pro tyto \u00fa\u010dely se m\u016f\u017ee hodit nap\u0159\u00edklad star\u00e1 vesnick\u00e1 stodola, kdy\u017e ji p\u0159estav\u00edte a uprav\u00edte do pat\u0159i\u010dn\u00e9 [&hellip;]","datePublished":"2025-01-12","dateModified":"2025-01-12","author":{"@type":"Person","@id":"https:\/\/www.acorde.cz\/author\/#Person","name":"","url":"https:\/\/www.acorde.cz\/author\/","identifier":1,"image":{"@type":"ImageObject","@id":"https:\/\/secure.gravatar.com\/avatar\/3c4e99fa9a9806cd5e8fd7cac6ca73ff5bbf5f3ee309e1745415eebd31482909?s=96&d=mm&r=g","url":"https:\/\/secure.gravatar.com\/avatar\/3c4e99fa9a9806cd5e8fd7cac6ca73ff5bbf5f3ee309e1745415eebd31482909?s=96&d=mm&r=g","height":96,"width":96}},"publisher":{"@type":"Organization","name":"acorde.cz","logo":{"@type":"ImageObject","@id":"\/logo.png","url":"\/logo.png","width":600,"height":60}},"image":{"@type":"ImageObject","@id":"https:\/\/www.acorde.cz\/wp-content\/uploads\/electric-4198293_640_10_10_10_7.jpg","url":"https:\/\/www.acorde.cz\/wp-content\/uploads\/electric-4198293_640_10_10_10_7.jpg","height":0,"width":0},"url":"https:\/\/www.acorde.cz\/elektrikar-v-nove-zrizene-provozovne-kadernictvi\/","about":["Podnik\u00e1n\u00ed"],"wordCount":411,"articleBody":"         M\u00e1te v pl\u00e1nu otev\u0159\u00edt kade\u0159nick\u00fd sal\u00f3n a spolu s n\u00edm t\u0159eba provozovat i mas\u00e1\u017ee a pedik\u00faru? A budete m\u00edt za t\u00edmto \u00fa\u010delem v provozu objekt slu\u017eeb, kam budou va\u0161i z\u00e1kazn\u00edci doch\u00e1zet, z\u0159\u00edzen\u00fd nap\u0159\u00edklad z m\u011bstsk\u00e9ho bytu anebo z \u010d\u00e1sti rodinn\u00e9ho domu na venkov\u011b? Pro tyto \u00fa\u010dely se m\u016f\u017ee hodit nap\u0159\u00edklad star\u00e1 vesnick\u00e1 stodola, kdy\u017e ji p\u0159estav\u00edte a uprav\u00edte do pat\u0159i\u010dn\u00e9 podoby, a \u017ee to jde, o tom se m\u016f\u017eete p\u0159esv\u011bd\u010dit t\u0159eba ve Velk\u00fdch P\u0159\u00edlepech u Prahy, kde je v provozu restaurant \u0160pejchar \u2013 ten byl vybudov\u00e1n v m\u00edst\u011b b\u00fdval\u00e9ho \u0161pejcharu ze 16. stolet\u00ed, tedy budovy pro uskladn\u011bn\u00ed obil\u00ed.Provozov\u00e1n\u00ed slu\u017eeb tohoto charakteru je z\u00e1visl\u00e9 zejm\u00e9na na dvou v\u011bcech, co se t\u00fd\u010de technick\u00e9ho zabezpe\u010den\u00ed, a sice na rozvodech vody a odpadech a tak\u00e9 na elektroinstalaci. Bez toho se tu neobejdete a v prvn\u00ed \u0159ad\u011b mus\u00ed b\u00fdt pr\u00e1v\u011b toto velmi dob\u0159e zvl\u00e1dnut\u00e9 dle sou\u010dasn\u00fdch p\u0159edpis\u016f. Za\u010d\u00edt byste m\u011bli u elektrik\u00e1\u0159sk\u00fdch prac\u00ed, a teprve pak uv\u00e1d\u011bt do provozu vodn\u00ed ventily, trysky, baterie, splachov\u00e1n\u00ed a dal\u0161\u00ed z\u00e1le\u017eitosti.Pozvete-li si do sv\u00e9 budouc\u00ed provozovny elektrik\u00e1\u0159e z Prahy 2, ten si m\u00edsto nejprve prohl\u00e9dne a pak s v\u00e1mi za\u010dne konzultovat konkr\u00e9tn\u00ed po\u017eadavky. Sou\u010d\u00e1st\u00ed projektu v\u00fdstavby elektroinstalace bude centr\u00e1ln\u00ed rozvad\u011b\u010d a od n\u011bho pak dal\u0161\u00ed odv\u00edjej\u00edc\u00ed se kroky, jako jsou z\u00e1suvkov\u00e9 okruhy, sv\u011bteln\u00e9 okruhy, obslu\u017en\u00e1 za\u0159\u00edzen\u00ed, jako jsou vodn\u00ed a tepeln\u00e1 \u010derpadla, klimatizace, bezpe\u010dnostn\u00ed za\u0159\u00edzen\u00ed atd.V\u0161e z\u00e1le\u017e\u00ed na vz\u00e1jemn\u00e9 dohod\u011b a tak\u00e9 na re\u00e1ln\u00fdch mo\u017enostech, jak\u00e9 jsou v\u00e1m k dispozici v samotn\u00fdch prostor\u00e1ch, co se t\u00fd\u010de velikosti objektu, jeho vnit\u0159n\u00ed dispozice a va\u0161ich po\u017eadavk\u016f pro provozov\u00e1n\u00ed slu\u017eeb. Elektrik\u00e1\u0159 bude vlastn\u011b prvn\u00ed osobou, co s v\u00e1mi prokonzultuje to, co je re\u00e1ln\u00e9, http:\/\/crg.cz\/%3FPedagogick%25C3%25BD_sbor  a co je sp\u00ed\u0161e utopi\u00ed, ov\u0161em sou\u010dasn\u00e9 mo\u017enosti elektroinstalace jsou a\u017e ohromuj\u00edc\u00ed a lze tu vyu\u017e\u00edt \u0159ady prvk\u016f v\u010detn\u011b nap\u0159\u00edklad podvodn\u00edho osv\u011btlen\u00ed baz\u00e9n\u016f a v\u00ed\u0159ivek, osv\u011btlen\u00ed sauny apod.                                                                                                                                                                                                                                                                                                                                                                                          4.3\/5 - (3 votes)        "},{"@context":"https:\/\/schema.org\/","@type":"BreadcrumbList","itemListElement":[{"@type":"ListItem","position":1,"name":"Elektrik\u00e1\u0159 v nov\u011b z\u0159\u00edzen\u00e9 provozovn\u011b kade\u0159nictv\u00ed","item":"https:\/\/www.acorde.cz\/elektrikar-v-nove-zrizene-provozovne-kadernictvi\/#breadcrumbitem"}]}]