{"@context":"https:\/\/schema.org\/","@type":"CollectionPage","@id":"https:\/\/www.acorde.cz\/dovolena\/#CollectionPage","headline":"Dovolen\u00e1 Category","description":"","url":"https:\/\/www.acorde.cz\/dovolena\/","hasPart":[{"@type":"Article","@id":"https:\/\/www.acorde.cz\/jak-by-mela-vypadat-spravna-dovolena\/","headline":"Jak by m\u011bla vypadat spr\u00e1vn\u00e1 dovolen\u00e1?","url":"https:\/\/www.acorde.cz\/jak-by-mela-vypadat-spravna-dovolena\/","datePublished":"2023-11-28","dateModified":"2023-11-28","mainEntityOfPage":"https:\/\/www.acorde.cz\/jak-by-mela-vypadat-spravna-dovolena\/","author":{"@type":"Person","@id":"https:\/\/www.acorde.cz\/author\/#Person","name":"","url":"https:\/\/www.acorde.cz\/author\/","identifier":1,"image":{"@type":"ImageObject","@id":"https:\/\/secure.gravatar.com\/avatar\/3c4e99fa9a9806cd5e8fd7cac6ca73ff5bbf5f3ee309e1745415eebd31482909?s=96&d=mm&r=g","url":"https:\/\/secure.gravatar.com\/avatar\/3c4e99fa9a9806cd5e8fd7cac6ca73ff5bbf5f3ee309e1745415eebd31482909?s=96&d=mm&r=g","height":96,"width":96}},"publisher":{"@type":"Organization","name":"acorde.cz","logo":{"@type":"ImageObject","@id":"\/logo.png","url":"\/logo.png","width":600,"height":60}},"image":{"@type":"ImageObject","@id":"https:\/\/www.acorde.cz\/wp-content\/uploads\/beach-832346_1280_1.jpg","url":"https:\/\/www.acorde.cz\/wp-content\/uploads\/beach-832346_1280_1.jpg","height":0,"width":0},"keywords":null},{"@type":"Article","@id":"https:\/\/www.acorde.cz\/nepreberne-moznosti-dovolenych\/","headline":"Nep\u0159ebern\u00e9 mo\u017enosti dovolen\u00fdch","url":"https:\/\/www.acorde.cz\/nepreberne-moznosti-dovolenych\/","datePublished":"2023-05-06","dateModified":"2023-05-06","mainEntityOfPage":"https:\/\/www.acorde.cz\/nepreberne-moznosti-dovolenych\/","author":{"@type":"Person","@id":"https:\/\/www.acorde.cz\/author\/#Person","name":"","url":"https:\/\/www.acorde.cz\/author\/","identifier":1,"image":{"@type":"ImageObject","@id":"https:\/\/secure.gravatar.com\/avatar\/3c4e99fa9a9806cd5e8fd7cac6ca73ff5bbf5f3ee309e1745415eebd31482909?s=96&d=mm&r=g","url":"https:\/\/secure.gravatar.com\/avatar\/3c4e99fa9a9806cd5e8fd7cac6ca73ff5bbf5f3ee309e1745415eebd31482909?s=96&d=mm&r=g","height":96,"width":96}},"publisher":{"@type":"Organization","name":"acorde.cz","logo":{"@type":"ImageObject","@id":"\/logo.png","url":"\/logo.png","width":600,"height":60}},"image":{"@type":"ImageObject","@id":"https:\/\/www.acorde.cz\/wp-content\/uploads\/img_a330110_w2688_t1542659216.jpg","url":"https:\/\/www.acorde.cz\/wp-content\/uploads\/img_a330110_w2688_t1542659216.jpg","height":0,"width":0},"keywords":null},{"@type":"Article","@id":"https:\/\/www.acorde.cz\/kambodza-oaza-klidu-v-srdci-asie\/","headline":"Kambod\u017ea \u2013 o\u00e1za klidu v srdci Asie","url":"https:\/\/www.acorde.cz\/kambodza-oaza-klidu-v-srdci-asie\/","datePublished":"2019-06-12","dateModified":"2023-05-06","mainEntityOfPage":"https:\/\/www.acorde.cz\/kambodza-oaza-klidu-v-srdci-asie\/","author":{"@type":"Person","@id":"https:\/\/www.acorde.cz\/author\/#Person","name":"","url":"https:\/\/www.acorde.cz\/author\/","identifier":1,"image":{"@type":"ImageObject","@id":"https:\/\/secure.gravatar.com\/avatar\/3c4e99fa9a9806cd5e8fd7cac6ca73ff5bbf5f3ee309e1745415eebd31482909?s=96&d=mm&r=g","url":"https:\/\/secure.gravatar.com\/avatar\/3c4e99fa9a9806cd5e8fd7cac6ca73ff5bbf5f3ee309e1745415eebd31482909?s=96&d=mm&r=g","height":96,"width":96}},"publisher":{"@type":"Organization","name":"acorde.cz","logo":{"@type":"ImageObject","@id":"\/logo.png","url":"\/logo.png","width":600,"height":60}},"image":{"@type":"ImageObject","@id":"https:\/\/www.acorde.cz\/wp-content\/uploads\/img_a348750_w2688_t1563635968.jpg","url":"https:\/\/www.acorde.cz\/wp-content\/uploads\/img_a348750_w2688_t1563635968.jpg","height":0,"width":0},"keywords":null},{"@type":"Article","@id":"https:\/\/www.acorde.cz\/poznejte-neco-noveho\/","headline":"Poznejte n\u011bco nov\u00e9ho","url":"https:\/\/www.acorde.cz\/poznejte-neco-noveho\/","datePublished":"2018-06-12","dateModified":"2018-06-12","mainEntityOfPage":"https:\/\/www.acorde.cz\/poznejte-neco-noveho\/","author":{"@type":"Person","@id":"https:\/\/www.acorde.cz\/author\/#Person","name":"","url":"https:\/\/www.acorde.cz\/author\/","identifier":1,"image":{"@type":"ImageObject","@id":"https:\/\/secure.gravatar.com\/avatar\/3c4e99fa9a9806cd5e8fd7cac6ca73ff5bbf5f3ee309e1745415eebd31482909?s=96&d=mm&r=g","url":"https:\/\/secure.gravatar.com\/avatar\/3c4e99fa9a9806cd5e8fd7cac6ca73ff5bbf5f3ee309e1745415eebd31482909?s=96&d=mm&r=g","height":96,"width":96}},"publisher":{"@type":"Organization","name":"acorde.cz","logo":{"@type":"ImageObject","@id":"\/logo.png","url":"\/logo.png","width":600,"height":60}},"image":{"@type":"ImageObject","@id":"https:\/\/www.acorde.cz\/wp-content\/uploads\/img_a319080_w1693_t1529994334.jpg","url":"https:\/\/www.acorde.cz\/wp-content\/uploads\/img_a319080_w1693_t1529994334.jpg","height":0,"width":0},"keywords":null}]}