[{"@context":"https:\/\/schema.org\/","@type":"Article","@id":"https:\/\/www.acorde.cz\/doba-nejvetsi-slavy-sicich-stroju-je-nenavratne-pryc\/#Article","mainEntityOfPage":"https:\/\/www.acorde.cz\/doba-nejvetsi-slavy-sicich-stroju-je-nenavratne-pryc\/","headline":"Doba nejv\u011bt\u0161\u00ed sl\u00e1vy \u0161ic\u00edch stroj\u016f je nen\u00e1vratn\u011b pry\u010d","name":"Doba nejv\u011bt\u0161\u00ed sl\u00e1vy \u0161ic\u00edch stroj\u016f je nen\u00e1vratn\u011b pry\u010d","description":"&#13; Doba se m\u011bn\u00ed k\u00a0nepozn\u00e1n\u00ed a spolu s\u00a0n\u00ed i tradi\u010dn\u00ed \u017eivotn\u00ed styl \u0161vadlenek. V\u00a0souvislosti s\u00a0t\u00edm si n\u011bkte\u0159\u00ed pam\u011btn\u00edci postesknou v\u00a0p\u0159ipom\u00ednce na dobu konce 80. let minul\u00e9ho stolet\u00ed, kter\u00e1 byla v\u00a0mnoha sm\u011brech p\u0159\u00edv\u011btiv\u011bj\u0161\u00ed, ne\u017e ta dne\u0161n\u00ed. A\u010dkoliv lid\u00e9 nem\u011bli k\u00a0dispozici tolik technick\u00fdch vymo\u017eenost\u00ed, existoval v\u011bt\u0161\u00ed prostor v\u00a0osobn\u00ed kreativit\u011b. Dne\u0161n\u00ed doba toti\u017e nahr\u00e1v\u00e1 robotice, pr\u016fmyslov\u011b vyr\u00e1b\u011bn\u00fdm produkt\u016fm od od\u011bv\u016f a\u017e po automobily [&hellip;]","datePublished":"2018-12-03","dateModified":"2023-05-06","author":{"@type":"Person","@id":"https:\/\/www.acorde.cz\/author\/#Person","name":"","url":"https:\/\/www.acorde.cz\/author\/","identifier":1,"image":{"@type":"ImageObject","@id":"https:\/\/secure.gravatar.com\/avatar\/3c4e99fa9a9806cd5e8fd7cac6ca73ff5bbf5f3ee309e1745415eebd31482909?s=96&d=mm&r=g","url":"https:\/\/secure.gravatar.com\/avatar\/3c4e99fa9a9806cd5e8fd7cac6ca73ff5bbf5f3ee309e1745415eebd31482909?s=96&d=mm&r=g","height":96,"width":96}},"publisher":{"@type":"Organization","name":"acorde.cz","logo":{"@type":"ImageObject","@id":"\/logo.png","url":"\/logo.png","width":600,"height":60}},"image":{"@type":"ImageObject","@id":"https:\/\/www.acorde.cz\/wp-content\/uploads\/img_a332618_w2688_t1545565610.jpg","url":"https:\/\/www.acorde.cz\/wp-content\/uploads\/img_a332618_w2688_t1545565610.jpg","height":0,"width":0},"url":"https:\/\/www.acorde.cz\/doba-nejvetsi-slavy-sicich-stroju-je-nenavratne-pryc\/","about":["Z\u00e1bava"],"wordCount":389,"articleBody":"&#13;\tDoba se m\u011bn\u00ed k\u00a0nepozn\u00e1n\u00ed a spolu s\u00a0n\u00ed i tradi\u010dn\u00ed \u017eivotn\u00ed styl \u0161vadlenek. V\u00a0souvislosti s\u00a0t\u00edm si n\u011bkte\u0159\u00ed pam\u011btn\u00edci postesknou v\u00a0p\u0159ipom\u00ednce na dobu konce 80. let minul\u00e9ho stolet\u00ed, kter\u00e1 byla v\u00a0mnoha sm\u011brech p\u0159\u00edv\u011btiv\u011bj\u0161\u00ed, ne\u017e ta dne\u0161n\u00ed. A\u010dkoliv lid\u00e9 nem\u011bli k\u00a0dispozici tolik technick\u00fdch vymo\u017eenost\u00ed, existoval v\u011bt\u0161\u00ed prostor v\u00a0osobn\u00ed kreativit\u011b. Dne\u0161n\u00ed doba toti\u017e nahr\u00e1v\u00e1 robotice, pr\u016fmyslov\u011b vyr\u00e1b\u011bn\u00fdm produkt\u016fm od od\u011bv\u016f a\u017e po automobily a lid\u00e9 dnes tr\u00e1v\u00ed v\u00edce \u010dasu v\u00a0zam\u011bstn\u00e1n\u00ed a v\u00a0obchodn\u00ed s\u00edti hypermarket\u016f, nam\u00edsto aby tvo\u0159ili n\u011bco doma sv\u00fdmi vlastn\u00edmi silami.&#13;\tPr\u00e1v\u011b jedine\u010dnost se postupn\u011b nen\u00e1padn\u011b vytr\u00e1c\u00ed i v\u00a0konfekci a tento trend mohou nejl\u00e9pe zaznamenat profesion\u00e1ln\u00ed \u0161vadleny i \u017eeny, kter\u00e9 maj\u00ed doma \u0161ic\u00ed stroj.&#13;\t\u0160ic\u00ed stroj je znamenit\u00fd vyn\u00e1lez, sv\u016fj vzestup zaznamenal p\u0159edev\u0161\u00edm v\u00a0druh\u00e9 polovin\u011b 20. stolet\u00ed a za socialismu byl pova\u017eov\u00e1n za z\u00e1kladn\u00ed v\u00fdbavu zakl\u00e1daj\u00edc\u00ed mlad\u00e9 rodiny. D\u00edvky jej obvykle obdr\u017eely jako svatebn\u00ed dar a v\u00a0dom\u00e1cnostech m\u011bl sv\u00e9 platn\u00e9 m\u00edsto.&#13;&#13;\tVlastn\u00ed od\u011bvn\u00ed tvorba pomalu miz\u00ed&#13;V\u00a0t\u00e9 dob\u011b byla textiln\u00ed v\u00fdroba konfek\u010dn\u00edch od\u011bv\u016f velmi omezen\u00e1 a nam\u00edsto toho se v\u00a0obchodech s\u00a0textilem plnily reg\u00e1ly nejr\u016fzn\u011bj\u0161\u00edmi l\u00e1tkami v\u00a0metr\u00e1\u017ei. Uvnit\u0159 se to doslova hem\u017eilo, byl tu neust\u00e1le \u010dil\u00fd ruch a nakupovaly se suroviny nej\u010dast\u011bji pro \u0161it\u00ed kalhot, tepl\u00e1kov\u00fdch souprav, ko\u0161il\u00ed, halenek, sukn\u00ed, \u0161at\u016f a bund a d\u011btsk\u00e9ho oble\u010den\u00ed.&#13;Inspirac\u00ed k\u00a0tvorb\u011b poslou\u017eily \u010dasopisy \u2013 tuzemsk\u00e1 \u017dena a m\u00f3da a n\u011bmeck\u00e1 Burda. Ta se u n\u00e1s za\u010dala objevovat v\u00a0druh\u00e9 polovin\u011b 80. let pom\u011brn\u011b \u010dasto a jej\u00ed sou\u010d\u00e1st\u00ed byly st\u0159ihy v\u00a0p\u0159\u00edloze z\u00a0tenk\u00e9ho pap\u00edru. Burda kolovala mezi dom\u00e1cnostmi a po ve\u010derech se v \u010ceskoslovensku rodily jedine\u010dn\u00e9 v\u00fdrobky, kter\u00e9 jste pak potk\u00e1vali na ulic\u00edch v\u00a0pestrobarevn\u00fdch variac\u00edch. Obecn\u011b by se dalo \u0159\u00edci, \u017ee byly v\u00a0t\u00e9 dob\u011b od\u011bvy vzdu\u0161n\u011bj\u0161\u00ed, m\u00e9n\u011b upjat\u00e9, nekonformn\u00ed a p\u0159edev\u0161\u00edm pestrobarevn\u00e9.                                                                                                                                                                                                                                                                                                                                                                                        4.6\/5 - (7 votes)        "},{"@context":"https:\/\/schema.org\/","@type":"BreadcrumbList","itemListElement":[{"@type":"ListItem","position":1,"name":"Doba nejv\u011bt\u0161\u00ed sl\u00e1vy \u0161ic\u00edch stroj\u016f je nen\u00e1vratn\u011b pry\u010d","item":"https:\/\/www.acorde.cz\/doba-nejvetsi-slavy-sicich-stroju-je-nenavratne-pryc\/#breadcrumbitem"}]}]