{"@context":"https:\/\/schema.org\/","@type":"CollectionPage","@id":"https:\/\/www.acorde.cz\/cestovani\/#CollectionPage","headline":"Cestov\u00e1n\u00ed Category","description":"","url":"https:\/\/www.acorde.cz\/cestovani\/","hasPart":[{"@type":"Article","@id":"https:\/\/www.acorde.cz\/romanticke-cestovani\/","headline":"Romantick\u00e9 cestov\u00e1n\u00ed","url":"https:\/\/www.acorde.cz\/romanticke-cestovani\/","datePublished":"2023-11-08","dateModified":"2024-01-08","mainEntityOfPage":"https:\/\/www.acorde.cz\/romanticke-cestovani\/","author":{"@type":"Person","@id":"https:\/\/www.acorde.cz\/author\/#Person","name":"","url":"https:\/\/www.acorde.cz\/author\/","identifier":1,"image":{"@type":"ImageObject","@id":"https:\/\/secure.gravatar.com\/avatar\/3c4e99fa9a9806cd5e8fd7cac6ca73ff5bbf5f3ee309e1745415eebd31482909?s=96&d=mm&r=g","url":"https:\/\/secure.gravatar.com\/avatar\/3c4e99fa9a9806cd5e8fd7cac6ca73ff5bbf5f3ee309e1745415eebd31482909?s=96&d=mm&r=g","height":96,"width":96}},"publisher":{"@type":"Organization","name":"acorde.cz","logo":{"@type":"ImageObject","@id":"\/logo.png","url":"\/logo.png","width":600,"height":60}},"image":{"@type":"ImageObject","@id":"https:\/\/www.acorde.cz\/wp-content\/uploads\/carpathians-7228042_640_1.jpg","url":"https:\/\/www.acorde.cz\/wp-content\/uploads\/carpathians-7228042_640_1.jpg","height":0,"width":0},"keywords":null},{"@type":"Article","@id":"https:\/\/www.acorde.cz\/portugalsko-zeme-vina-a-more\/","headline":"Portugalsko \u2013 zem\u011b v\u00edna a mo\u0159e","url":"https:\/\/www.acorde.cz\/portugalsko-zeme-vina-a-more\/","datePublished":"2023-05-06","dateModified":"2023-05-06","mainEntityOfPage":"https:\/\/www.acorde.cz\/portugalsko-zeme-vina-a-more\/","author":{"@type":"Person","@id":"https:\/\/www.acorde.cz\/author\/#Person","name":"","url":"https:\/\/www.acorde.cz\/author\/","identifier":1,"image":{"@type":"ImageObject","@id":"https:\/\/secure.gravatar.com\/avatar\/3c4e99fa9a9806cd5e8fd7cac6ca73ff5bbf5f3ee309e1745415eebd31482909?s=96&d=mm&r=g","url":"https:\/\/secure.gravatar.com\/avatar\/3c4e99fa9a9806cd5e8fd7cac6ca73ff5bbf5f3ee309e1745415eebd31482909?s=96&d=mm&r=g","height":96,"width":96}},"publisher":{"@type":"Organization","name":"acorde.cz","logo":{"@type":"ImageObject","@id":"\/logo.png","url":"\/logo.png","width":600,"height":60}},"image":{"@type":"ImageObject","@id":"https:\/\/www.acorde.cz\/wp-content\/uploads\/img_a344378_w2688_t1558106441.jpg","url":"https:\/\/www.acorde.cz\/wp-content\/uploads\/img_a344378_w2688_t1558106441.jpg","height":0,"width":0},"keywords":null},{"@type":"Article","@id":"https:\/\/www.acorde.cz\/nebezpecne-aerolinky\/","headline":"Nebezpe\u010dn\u00e9 aerolinky","url":"https:\/\/www.acorde.cz\/nebezpecne-aerolinky\/","datePublished":"2023-05-06","dateModified":"2023-05-06","mainEntityOfPage":"https:\/\/www.acorde.cz\/nebezpecne-aerolinky\/","author":{"@type":"Person","@id":"https:\/\/www.acorde.cz\/author\/#Person","name":"","url":"https:\/\/www.acorde.cz\/author\/","identifier":1,"image":{"@type":"ImageObject","@id":"https:\/\/secure.gravatar.com\/avatar\/3c4e99fa9a9806cd5e8fd7cac6ca73ff5bbf5f3ee309e1745415eebd31482909?s=96&d=mm&r=g","url":"https:\/\/secure.gravatar.com\/avatar\/3c4e99fa9a9806cd5e8fd7cac6ca73ff5bbf5f3ee309e1745415eebd31482909?s=96&d=mm&r=g","height":96,"width":96}},"publisher":{"@type":"Organization","name":"acorde.cz","logo":{"@type":"ImageObject","@id":"\/logo.png","url":"\/logo.png","width":600,"height":60}},"image":{"@type":"ImageObject","@id":"https:\/\/www.acorde.cz\/wp-content\/uploads\/img_a329890_w2688_t1542446542.jpg","url":"https:\/\/www.acorde.cz\/wp-content\/uploads\/img_a329890_w2688_t1542446542.jpg","height":0,"width":0},"keywords":null},{"@type":"Article","@id":"https:\/\/www.acorde.cz\/dovolena-v-zari-proc-ne-lette-do-dubaje\/","headline":"Dovolen\u00e1 v Z\u00e1\u0159\u00ed? Pro\u010d ne, le\u0165te do Dubaje!","url":"https:\/\/www.acorde.cz\/dovolena-v-zari-proc-ne-lette-do-dubaje\/","datePublished":"2019-08-17","dateModified":"2019-08-17","mainEntityOfPage":"https:\/\/www.acorde.cz\/dovolena-v-zari-proc-ne-lette-do-dubaje\/","author":{"@type":"Person","@id":"https:\/\/www.acorde.cz\/author\/#Person","name":"","url":"https:\/\/www.acorde.cz\/author\/","identifier":1,"image":{"@type":"ImageObject","@id":"https:\/\/secure.gravatar.com\/avatar\/3c4e99fa9a9806cd5e8fd7cac6ca73ff5bbf5f3ee309e1745415eebd31482909?s=96&d=mm&r=g","url":"https:\/\/secure.gravatar.com\/avatar\/3c4e99fa9a9806cd5e8fd7cac6ca73ff5bbf5f3ee309e1745415eebd31482909?s=96&d=mm&r=g","height":96,"width":96}},"publisher":{"@type":"Organization","name":"acorde.cz","logo":{"@type":"ImageObject","@id":"\/logo.png","url":"\/logo.png","width":600,"height":60}},"image":{"@type":"ImageObject","@id":"https:\/\/www.acorde.cz\/wp-content\/uploads\/img_a353930_w3100_t1568482371.jpg","url":"https:\/\/www.acorde.cz\/wp-content\/uploads\/img_a353930_w3100_t1568482371.jpg","height":0,"width":0},"keywords":null}]}